{"id":15003,"date":"2021-06-08T10:22:10","date_gmt":"2021-06-08T15:22:10","guid":{"rendered":"https:\/\/encuentroinformativo.com.mx\/?p=15003"},"modified":"2021-06-08T10:22:14","modified_gmt":"2021-06-08T15:22:14","slug":"un-honor-participar-en-elecciones-nena-de-la-reguera","status":"publish","type":"post","link":"https:\/\/encuentroinformativo.com.mx\/?p=15003","title":{"rendered":"Un honor participar en elecciones: Nena de la Reguera"},"content":{"rendered":"\n<p><strong>Alejandro \u00c1vila<\/strong><\/p>\n\n\n\n<p>Boca del R\u00edo, Ver. &#8211; Dulce Mar\u00eda de la Reguera G\u00f3mez &#8220;La Nena&#8221; envi\u00f3 un emotivo mensaje a quienes votaron por ella el pasado 6 de junio, aunque no logr\u00f3 el objetivo de conquistar la alcald\u00eda de Boca del R\u00edo, &#8220;me siento, como cuando me divorcie&#8221;, se\u00f1al\u00f3.<\/p>\n\n\n\n<p>&#8220;Ustedes saben que el voto\u2026 no fui ganadora de la alcald\u00eda de Boca del R\u00edo, pero quiero agradecer tanto, porque deveras para m\u00ed fue un honor estar participando en esta contienda&#8221;, expres\u00f3 en video a la entrada de su hogar, donde luc\u00eda un vestido negro.<\/p>\n\n\n\n<p>&#8220;\u00bfSaben c\u00f3mo me siento?, les voy a decir c\u00f3mo me siento, me siento como cuando me divorci\u00e9, ya saben, as\u00ed como triste, pero al mismo tiempo contenta, porque yo hice todo lo posible para ganar, pero pues no fue as\u00ed&#8221;, relat\u00f3 al tiempo que asegur\u00f3 dio lo mejor de ella durante la campa\u00f1a electoral que se desarroll\u00f3 en mayo.<\/p>\n\n\n\n<p>Con la expresi\u00f3n al borde de las l\u00e1grimas, agradeci\u00f3 a toda la gente que camin\u00f3 con ella d\u00eda a d\u00eda y en cada colonia, pues asegur\u00f3 le ayudaron a volver a creer en ella misma.<\/p>\n\n\n\n<p>&#8220;Me ayudaron a volver a creer en m\u00ed, \u00bfadivinen por qu\u00e9?, por qu\u00e9 cuando uno se va volviendo as\u00ed ya grande, como uno se siente ya, as\u00ed como olvidada, \u00bfy que creen?, yo no me sent\u00ed olvidada, me sent\u00ed muy querida, me sent\u00ed muy querida por el pueblo, por las colonias&#8221;, dijo con los ojos llorosos.<\/p>\n\n\n\n<p>Se\u00f1al\u00f3 que muchas ex alumnas, amigos y nuevos conocidos se sumaron a su proyecto personal, y le refrendaron el cari\u00f1o, &#8220;yo dec\u00eda, es que s\u00ed me quieren, y yo tambi\u00e9n los quiero, entonces, cada uno de los votos, que fueron 18 mil, les quiero decir que no se dieron un peso por ellos, yo s\u00e9 que ustedes votaron por m\u00ed de coraz\u00f3n, y ese es mi agradecimiento&#8221;, expres\u00f3 la educadora.<\/p>\n\n\n\n<p>Finalmente, pidi\u00f3 al alcalde electo &#8211; Juan Manuel Unanue Abascal-, que cumpla todo lo que prometi\u00f3 y que convierta a Boca del R\u00edo en un municipio digno, tal como ella lo deseaba, aunque los n\u00fameros no le favorecieron para lograr su cometido.<\/p>\n","protected":false},"excerpt":{"rendered":"<p>Alejandro \u00c1vila Boca del R\u00edo, Ver. &#8211; Dulce Mar\u00eda de la Reguera G\u00f3mez &#8220;La Nena&#8221; envi\u00f3 un emotivo mensaje a quienes votaron por ella el pasado 6 de junio, aunque no logr\u00f3 el objetivo de conquistar la alcald\u00eda de Boca del R\u00edo, &#8220;me siento, como cuando me divorcie&#8221;, se\u00f1al\u00f3. &#8220;Ustedes saben que el voto\u2026 no [&hellip;]<\/p>\n","protected":false},"author":1,"featured_media":15004,"comment_status":"open","ping_status":"open","sticky":false,"template":"","format":"standard","meta":{"_jetpack_memberships_contains_paid_content":false,"footnotes":""},"categories":[2],"tags":[],"class_list":["post-15003","post","type-post","status-publish","format-standard","has-post-thumbnail","hentry","category-estado"],"jetpack_featured_media_url":"https:\/\/encuentroinformativo.com.mx\/wp-content\/uploads\/2021\/06\/FB94F5CB-48A3-494A-B04C-E3DF547B2DF7.jpeg","jetpack_sharing_enabled":true,"jetpack_likes_enabled":true,"amp_enabled":true,"_links":{"self":[{"href":"https:\/\/encuentroinformativo.com.mx\/index.php?rest_route=\/wp\/v2\/posts\/15003","targetHints":{"allow":["GET"]}}],"collection":[{"href":"https:\/\/encuentroinformativo.com.mx\/index.php?rest_route=\/wp\/v2\/posts"}],"about":[{"href":"https:\/\/encuentroinformativo.com.mx\/index.php?rest_route=\/wp\/v2\/types\/post"}],"author":[{"embeddable":true,"href":"https:\/\/encuentroinformativo.com.mx\/index.php?rest_route=\/wp\/v2\/users\/1"}],"replies":[{"embeddable":true,"href":"https:\/\/encuentroinformativo.com.mx\/index.php?rest_route=%2Fwp%2Fv2%2Fcomments&post=15003"}],"version-history":[{"count":1,"href":"https:\/\/encuentroinformativo.com.mx\/index.php?rest_route=\/wp\/v2\/posts\/15003\/revisions"}],"predecessor-version":[{"id":15005,"href":"https:\/\/encuentroinformativo.com.mx\/index.php?rest_route=\/wp\/v2\/posts\/15003\/revisions\/15005"}],"wp:featuredmedia":[{"embeddable":true,"href":"https:\/\/encuentroinformativo.com.mx\/index.php?rest_route=\/wp\/v2\/media\/15004"}],"wp:attachment":[{"href":"https:\/\/encuentroinformativo.com.mx\/index.php?rest_route=%2Fwp%2Fv2%2Fmedia&parent=15003"}],"wp:term":[{"taxonomy":"category","embeddable":true,"href":"https:\/\/encuentroinformativo.com.mx\/index.php?rest_route=%2Fwp%2Fv2%2Fcategories&post=15003"},{"taxonomy":"post_tag","embeddable":true,"href":"https:\/\/encuentroinformativo.com.mx\/index.php?rest_route=%2Fwp%2Fv2%2Ftags&post=15003"}],"curies":[{"name":"wp","href":"https:\/\/api.w.org\/{rel}","templated":true}]}}