{"id":15028,"date":"2021-06-08T14:01:09","date_gmt":"2021-06-08T19:01:09","guid":{"rendered":"https:\/\/encuentroinformativo.com.mx\/?p=15028"},"modified":"2021-06-08T14:01:13","modified_gmt":"2021-06-08T19:01:13","slug":"en-el-puerto-roban-imprenta-de-publicidad-electoral","status":"publish","type":"post","link":"https:\/\/encuentroinformativo.com.mx\/?p=15028","title":{"rendered":"En el puerto, roban imprenta de publicidad electoral"},"content":{"rendered":"\n<p><strong>Alejandro \u00c1vila<\/strong><\/p>\n\n\n\n<p>Veracruz, Ver.- La imprenta &#8220;<em>Ideas<\/em> <em>Creativas<\/em>&#8221; ubicada en la avenida Primero de Mayo entre Azueta e Iturbide fue robada nuevamente y por segunda ocasi\u00f3n tras campa\u00f1as pol\u00edticas.<\/p>\n\n\n\n<p>Ricardo D\u00edaz Vergara, due\u00f1o del establecimiento, relat\u00f3 que al llegar por la ma\u00f1ana se percataron que los candados estaba &#8220;volados&#8221; y que hab\u00edan robado documentos de la empresa, cortaron cables de luz e internet, adem\u00e1s de llevarse el DVR de las c\u00e1maras de videovigilancia.<\/p>\n\n\n\n<p>&#8220;A mi oficina entraron a revisar papeles y se llevaron el DVR de todas las c\u00e1maras, y a lo \u00faltimo me dejaron un recado, diciendo que, o puesto ah\u00ed &#8216;MORENA&#8217; (\u2026) yo trabajo con todos los partidos, no estoy casado con nadie, es un negocio de imprenta, le trabajo tanto empresario, campa\u00f1as pol\u00edticas y todo lo que son negocios locales de aqu\u00ed de Veracruz, no entiendo cual fue el af\u00e1n de venir a destrozar el local cuando uno no se mete con nadie&#8221;, subray\u00f3 el empresario.<\/p>\n\n\n\n<p>Ideas Creativas maneja en su mayor\u00eda trabajos de los Ayuntamientos de Veracruz y Boca del R\u00edo, los cuales son panistas y este pasado 6 de junio refrendaron su administraci\u00f3n blanquiazul; la diferencia en Veracruz fue de apenas 6 mil votos, situaci\u00f3n que advirtieron las c\u00fapulas morenistas van a impugnar.<\/p>\n\n\n\n<p>D\u00edaz Vergara, se\u00f1al\u00f3 que el monto estimado de lo robado asciende a 150 mil pesos; adem\u00e1s, hurtaron documentos de la empresa y el celular donde tiene el n\u00famero de proveedores y clientes.<\/p>\n","protected":false},"excerpt":{"rendered":"<p>Alejandro \u00c1vila Veracruz, Ver.- La imprenta &#8220;Ideas Creativas&#8221; ubicada en la avenida Primero de Mayo entre Azueta e Iturbide fue robada nuevamente y por segunda ocasi\u00f3n tras campa\u00f1as pol\u00edticas. Ricardo D\u00edaz Vergara, due\u00f1o del establecimiento, relat\u00f3 que al llegar por la ma\u00f1ana se percataron que los candados estaba &#8220;volados&#8221; y que hab\u00edan robado documentos de [&hellip;]<\/p>\n","protected":false},"author":1,"featured_media":15029,"comment_status":"open","ping_status":"open","sticky":false,"template":"","format":"standard","meta":{"_jetpack_memberships_contains_paid_content":false,"footnotes":""},"categories":[2],"tags":[],"class_list":["post-15028","post","type-post","status-publish","format-standard","has-post-thumbnail","hentry","category-estado"],"jetpack_featured_media_url":"https:\/\/encuentroinformativo.com.mx\/wp-content\/uploads\/2021\/06\/EB8331DF-BDE5-4605-A20F-8F0E14FADF25.jpeg","jetpack_sharing_enabled":true,"jetpack_likes_enabled":true,"amp_enabled":true,"_links":{"self":[{"href":"https:\/\/encuentroinformativo.com.mx\/index.php?rest_route=\/wp\/v2\/posts\/15028","targetHints":{"allow":["GET"]}}],"collection":[{"href":"https:\/\/encuentroinformativo.com.mx\/index.php?rest_route=\/wp\/v2\/posts"}],"about":[{"href":"https:\/\/encuentroinformativo.com.mx\/index.php?rest_route=\/wp\/v2\/types\/post"}],"author":[{"embeddable":true,"href":"https:\/\/encuentroinformativo.com.mx\/index.php?rest_route=\/wp\/v2\/users\/1"}],"replies":[{"embeddable":true,"href":"https:\/\/encuentroinformativo.com.mx\/index.php?rest_route=%2Fwp%2Fv2%2Fcomments&post=15028"}],"version-history":[{"count":1,"href":"https:\/\/encuentroinformativo.com.mx\/index.php?rest_route=\/wp\/v2\/posts\/15028\/revisions"}],"predecessor-version":[{"id":15030,"href":"https:\/\/encuentroinformativo.com.mx\/index.php?rest_route=\/wp\/v2\/posts\/15028\/revisions\/15030"}],"wp:featuredmedia":[{"embeddable":true,"href":"https:\/\/encuentroinformativo.com.mx\/index.php?rest_route=\/wp\/v2\/media\/15029"}],"wp:attachment":[{"href":"https:\/\/encuentroinformativo.com.mx\/index.php?rest_route=%2Fwp%2Fv2%2Fmedia&parent=15028"}],"wp:term":[{"taxonomy":"category","embeddable":true,"href":"https:\/\/encuentroinformativo.com.mx\/index.php?rest_route=%2Fwp%2Fv2%2Fcategories&post=15028"},{"taxonomy":"post_tag","embeddable":true,"href":"https:\/\/encuentroinformativo.com.mx\/index.php?rest_route=%2Fwp%2Fv2%2Ftags&post=15028"}],"curies":[{"name":"wp","href":"https:\/\/api.w.org\/{rel}","templated":true}]}}