{"id":15031,"date":"2021-06-08T15:35:44","date_gmt":"2021-06-08T20:35:44","guid":{"rendered":"https:\/\/encuentroinformativo.com.mx\/?p=15031"},"modified":"2021-06-08T15:35:49","modified_gmt":"2021-06-08T20:35:49","slug":"veracruz-va-acusa-anomalias-en-emiliano-zapata","status":"publish","type":"post","link":"https:\/\/encuentroinformativo.com.mx\/?p=15031","title":{"rendered":"Veracruz Va, acusa anomal\u00edas en Emiliano Zapata"},"content":{"rendered":"\n<p><strong>Dar\u00edo Pale<\/strong><\/p>\n\n\n\n<p>Xalapa, Ver.- Solicitar\u00e1n al Organismo P\u00fablico Local Electoral (OPLE) el conteo de voto por voto y casilla por casilla, as\u00ed lo se\u00f1alaron los dirigentes de la alianza \u00a1Veracruz Va!, Marlon Ram\u00edrez, Joaqu\u00edn Guzm\u00e1n Avil\u00e9s y Sergio Cadena.<\/p>\n\n\n\n<p>En conferencia de prensa realizada en conocido hotel del centro de Xalapa, donde en conjunto los tres l\u00edderes y acudi\u00f3 el candidato a la alcald\u00eda de Emiliano Zapata, Renato Alarc\u00f3n, para poner como ejemplo las diversas irregularidades que se presentaron.<\/p>\n\n\n\n<p>&#8220;En la congregaci\u00f3n de Rinconada, en siete de las 10 casillas no se present\u00f3 un solo funcionario de casilla, de las 73 personas que fueron insaculdas y capacitadas, no fue ninguna y se tuvo que tomar a ciudadanos que estaban ena fila para hacerse cargo de la elecci\u00f3n, como si no tuvieran nada que hacer, estuvieron ah\u00ed hasta las 12 de la noche&#8221;, se\u00f1al\u00f3.<\/p>\n\n\n\n<p>&#8220;Tenemos claro que era gente que ven\u00eda preparada para eso, que hab\u00eda un operativo para que no fueran los funcionarios ni los representantes y poder meter hasta funcionarios de Gobierno&#8221;, agreg\u00f3.<\/p>\n\n\n\n<p>En ese sentido, el dirigente del PRI, afirm\u00f3 que as\u00ed como en Emiliano Zapata, se registraron irregularidades en Poza Rica, Xalapa Rural, en el distrito de Orizaba, entre muchos otros.<\/p>\n\n\n\n<p>Finalmente dieron a conocer que este mi\u00e9rcoles cuando soliciten el conteo de los votos durante la sesi\u00f3n del Organismo P\u00fablico Local Electoral &#8220;esto que se registr\u00f3 en Emiliano Zapata, se repiti\u00f3 en todo el Estado&#8221;.<\/p>\n","protected":false},"excerpt":{"rendered":"<p>Dar\u00edo Pale Xalapa, Ver.- Solicitar\u00e1n al Organismo P\u00fablico Local Electoral (OPLE) el conteo de voto por voto y casilla por casilla, as\u00ed lo se\u00f1alaron los dirigentes de la alianza \u00a1Veracruz Va!, Marlon Ram\u00edrez, Joaqu\u00edn Guzm\u00e1n Avil\u00e9s y Sergio Cadena. En conferencia de prensa realizada en conocido hotel del centro de Xalapa, donde en conjunto los [&hellip;]<\/p>\n","protected":false},"author":1,"featured_media":15032,"comment_status":"open","ping_status":"open","sticky":false,"template":"","format":"standard","meta":{"_jetpack_memberships_contains_paid_content":false,"footnotes":""},"categories":[8],"tags":[],"class_list":["post-15031","post","type-post","status-publish","format-standard","has-post-thumbnail","hentry","category-region"],"jetpack_featured_media_url":"https:\/\/encuentroinformativo.com.mx\/wp-content\/uploads\/2021\/06\/B4BB4279-52F9-46F7-A143-45621AD383E0.jpeg","jetpack_sharing_enabled":true,"jetpack_likes_enabled":true,"amp_enabled":true,"_links":{"self":[{"href":"https:\/\/encuentroinformativo.com.mx\/index.php?rest_route=\/wp\/v2\/posts\/15031","targetHints":{"allow":["GET"]}}],"collection":[{"href":"https:\/\/encuentroinformativo.com.mx\/index.php?rest_route=\/wp\/v2\/posts"}],"about":[{"href":"https:\/\/encuentroinformativo.com.mx\/index.php?rest_route=\/wp\/v2\/types\/post"}],"author":[{"embeddable":true,"href":"https:\/\/encuentroinformativo.com.mx\/index.php?rest_route=\/wp\/v2\/users\/1"}],"replies":[{"embeddable":true,"href":"https:\/\/encuentroinformativo.com.mx\/index.php?rest_route=%2Fwp%2Fv2%2Fcomments&post=15031"}],"version-history":[{"count":1,"href":"https:\/\/encuentroinformativo.com.mx\/index.php?rest_route=\/wp\/v2\/posts\/15031\/revisions"}],"predecessor-version":[{"id":15033,"href":"https:\/\/encuentroinformativo.com.mx\/index.php?rest_route=\/wp\/v2\/posts\/15031\/revisions\/15033"}],"wp:featuredmedia":[{"embeddable":true,"href":"https:\/\/encuentroinformativo.com.mx\/index.php?rest_route=\/wp\/v2\/media\/15032"}],"wp:attachment":[{"href":"https:\/\/encuentroinformativo.com.mx\/index.php?rest_route=%2Fwp%2Fv2%2Fmedia&parent=15031"}],"wp:term":[{"taxonomy":"category","embeddable":true,"href":"https:\/\/encuentroinformativo.com.mx\/index.php?rest_route=%2Fwp%2Fv2%2Fcategories&post=15031"},{"taxonomy":"post_tag","embeddable":true,"href":"https:\/\/encuentroinformativo.com.mx\/index.php?rest_route=%2Fwp%2Fv2%2Ftags&post=15031"}],"curies":[{"name":"wp","href":"https:\/\/api.w.org\/{rel}","templated":true}]}}