{"id":15034,"date":"2021-06-08T10:55:48","date_gmt":"2021-06-08T15:55:48","guid":{"rendered":"https:\/\/encuentroinformativo.com.mx\/?p=15034"},"modified":"2021-06-08T15:58:20","modified_gmt":"2021-06-08T20:58:20","slug":"se-desplomo-aeronave-en-cosamaloapan","status":"publish","type":"post","link":"https:\/\/encuentroinformativo.com.mx\/?p=15034","title":{"rendered":"Se desplom\u00f3 aeronave en Cosamaloapan"},"content":{"rendered":"\n<p><strong>Juan Arcos<\/strong><\/p>\n\n\n\n<p>Xalapa, Ver.- Una aeronave fumigadora de ala fija se desplom\u00f3 en la localidad Fernando L\u00f3pez Arias, municipio de Cosamaloapan, al sur del estado de Veracruz, donde los dos tripulantes resultaron lesionados.<\/p>\n\n\n\n<p>El accidente ocurri\u00f3 la ma\u00f1ana de este martes 8 de junio, ocasionado un incendio que consumi\u00f3 casi la mitad de la avioneta, misma que realizaba trabajos de fumigaci\u00f3n en ca\u00f1ales de la zona.<\/p>\n\n\n\n<p>El piloto y su acompa\u00f1ante sobrevolaban el sitio a una altura no muy elevada, por lo que la ca\u00edda no fue mortal. Adem\u00e1s, ambos lograron salir antes de que las llamas consumieran la cabina de la aeronave.\u00a0<br>La Secretar\u00eda de Protecci\u00f3n Civil de Veracruz (PC) inform\u00f3 que el fuego fue liquidado y que los heridos fueron trasladados a un hospital para su valoraci\u00f3n y atenci\u00f3n m\u00e9dica.<br>El siniestro fue atendido por elementos de la Polic\u00eda Municipal de Cosamaloapan, Secretar\u00eda de Seguridad P\u00fablica (SSP), Guardia Nacional, Protecci\u00f3n Civil y Bomberos.<\/p>\n\n\n\n<p>Se habla de que la aeronave sufri\u00f3 fallas mec\u00e1nicas que ocasionaron sus desplome; sin embargo, hasta el momento, las autoridades no han confirmado o descartado esa versi\u00f3n.<\/p>\n\n\n\n<p>Este tipo de accidentes han sido constantes en el estado de Veracruz. El pasado 21 de febrero, seis elementos de la Secretar\u00eda de la Defensa Nacional (Sedena) murieron tras el desplome de una aeronave de la Fuerza A\u00e9rea de M\u00e9xico en la localidad El Lencero, perteneciente al municipio de Emiliano Zapata.<\/p>\n\n\n\n<p>En este caso, el avi\u00f3n apenas hab\u00eda despegado cuando sufri\u00f3 alguna falla y cay\u00f3 al final de la pista de aterrizaje, sobre sembrad\u00edos de calabaza.\u00a0<\/p>\n","protected":false},"excerpt":{"rendered":"<p>Juan Arcos Xalapa, Ver.- Una aeronave fumigadora de ala fija se desplom\u00f3 en la localidad Fernando L\u00f3pez Arias, municipio de Cosamaloapan, al sur del estado de Veracruz, donde los dos tripulantes resultaron lesionados. El accidente ocurri\u00f3 la ma\u00f1ana de este martes 8 de junio, ocasionado un incendio que consumi\u00f3 casi la mitad de la avioneta, [&hellip;]<\/p>\n","protected":false},"author":1,"featured_media":15035,"comment_status":"open","ping_status":"open","sticky":false,"template":"","format":"standard","meta":{"_jetpack_memberships_contains_paid_content":false,"footnotes":""},"categories":[2],"tags":[],"class_list":["post-15034","post","type-post","status-publish","format-standard","has-post-thumbnail","hentry","category-estado"],"jetpack_featured_media_url":"https:\/\/encuentroinformativo.com.mx\/wp-content\/uploads\/2021\/06\/7BE92666-B67B-4CED-A268-8C3D035C0950.jpeg","jetpack_sharing_enabled":true,"jetpack_likes_enabled":true,"amp_enabled":true,"_links":{"self":[{"href":"https:\/\/encuentroinformativo.com.mx\/index.php?rest_route=\/wp\/v2\/posts\/15034","targetHints":{"allow":["GET"]}}],"collection":[{"href":"https:\/\/encuentroinformativo.com.mx\/index.php?rest_route=\/wp\/v2\/posts"}],"about":[{"href":"https:\/\/encuentroinformativo.com.mx\/index.php?rest_route=\/wp\/v2\/types\/post"}],"author":[{"embeddable":true,"href":"https:\/\/encuentroinformativo.com.mx\/index.php?rest_route=\/wp\/v2\/users\/1"}],"replies":[{"embeddable":true,"href":"https:\/\/encuentroinformativo.com.mx\/index.php?rest_route=%2Fwp%2Fv2%2Fcomments&post=15034"}],"version-history":[{"count":1,"href":"https:\/\/encuentroinformativo.com.mx\/index.php?rest_route=\/wp\/v2\/posts\/15034\/revisions"}],"predecessor-version":[{"id":15036,"href":"https:\/\/encuentroinformativo.com.mx\/index.php?rest_route=\/wp\/v2\/posts\/15034\/revisions\/15036"}],"wp:featuredmedia":[{"embeddable":true,"href":"https:\/\/encuentroinformativo.com.mx\/index.php?rest_route=\/wp\/v2\/media\/15035"}],"wp:attachment":[{"href":"https:\/\/encuentroinformativo.com.mx\/index.php?rest_route=%2Fwp%2Fv2%2Fmedia&parent=15034"}],"wp:term":[{"taxonomy":"category","embeddable":true,"href":"https:\/\/encuentroinformativo.com.mx\/index.php?rest_route=%2Fwp%2Fv2%2Fcategories&post=15034"},{"taxonomy":"post_tag","embeddable":true,"href":"https:\/\/encuentroinformativo.com.mx\/index.php?rest_route=%2Fwp%2Fv2%2Ftags&post=15034"}],"curies":[{"name":"wp","href":"https:\/\/api.w.org\/{rel}","templated":true}]}}