{"id":15037,"date":"2021-06-08T16:03:27","date_gmt":"2021-06-08T21:03:27","guid":{"rendered":"https:\/\/encuentroinformativo.com.mx\/?p=15037"},"modified":"2021-06-08T16:03:30","modified_gmt":"2021-06-08T21:03:30","slug":"alistan-proceso-de-entrega-recepcion-para-rectoria-uv","status":"publish","type":"post","link":"https:\/\/encuentroinformativo.com.mx\/?p=15037","title":{"rendered":"Alistan proceso de entrega-recepci\u00f3n para rector\u00eda UV"},"content":{"rendered":"\n<p>Juan Arcos <\/p>\n\n\n\n<p>Xalapa, Ver.- La rectora de la Universidad Veracruzana (UV), Sara Ladr\u00f3n de Guevara Gonz\u00e1lez, adelant\u00f3 que el pr\u00f3ximo 1 de septiembre deber\u00e1 tomar protesta la persona que sea elegida para sustituirla en el cargo.<\/p>\n\n\n\n<p>La acad\u00e9mica indic\u00f3 que est\u00e1 por iniciar el proceso para la renovaci\u00f3n de la Rector\u00eda en la m\u00e1xima casa de estudios del Estado.<\/p>\n\n\n\n<p>Record\u00f3 que la convocatoria ser\u00e1 publicada a finales de este mes de junio, para posteriormente dar paso a la inscripci\u00f3n de aspirantes, la auscultaci\u00f3n y la evaluaci\u00f3n por parte de los integrantes de la Junta de Gobierno para tomar la mejor decisi\u00f3n.<\/p>\n\n\n\n<p>\u201cEs un proceso que ocurre cada cuatro a\u00f1os, es la Junta de Gobierno quien toma la decisi\u00f3n y que tambi\u00e9n establece los lineamientos del proceso\u201d.\u00a0<\/p>\n\n\n\n<p>La Doctora en Antropolog\u00eda indic\u00f3 que la elecci\u00f3n se llevar\u00e1 a cabo el pr\u00f3ximo 28 de agosto para la designaci\u00f3n del hombre o mujer que estar\u00e1 al frente de la instituci\u00f3n, durante el periodo 2021-2025.<\/p>\n\n\n\n<p>\u201cYa estamos en la preparaci\u00f3n de la entrega recepci\u00f3n y con mucho gusto estoy visitando las regiones para despedirme y agradecer todo el apoyo\u201d.\u00a0<\/p>\n\n\n\n<p>Ladr\u00f3n de Guevara Gonz\u00e1lez refiri\u00f3 que los integrantes de la Junta de Gobierno decidir\u00e1n qui\u00e9nes ser\u00e1n los candidatos a ocupar el cargo acad\u00e9mico m\u00e1s importante en el estado.&nbsp;<\/p>\n\n\n\n<p>\u201cCorresponde a la junta de gobierno la evaluaci\u00f3n de las aspiraciones para establecer los mecanismos de consulta. La decisi\u00f3n de quien ser\u00e1 rector o rectora de la universidad veracruzana ser\u00e1 el 28 de agosto, para su toma de posesi\u00f3n el primero de septiembre\u201d, remat\u00f3.<\/p>\n","protected":false},"excerpt":{"rendered":"<p>Juan Arcos Xalapa, Ver.- La rectora de la Universidad Veracruzana (UV), Sara Ladr\u00f3n de Guevara Gonz\u00e1lez, adelant\u00f3 que el pr\u00f3ximo 1 de septiembre deber\u00e1 tomar protesta la persona que sea elegida para sustituirla en el cargo. La acad\u00e9mica indic\u00f3 que est\u00e1 por iniciar el proceso para la renovaci\u00f3n de la Rector\u00eda en la m\u00e1xima casa [&hellip;]<\/p>\n","protected":false},"author":1,"featured_media":15038,"comment_status":"open","ping_status":"open","sticky":false,"template":"","format":"standard","meta":{"_jetpack_memberships_contains_paid_content":false,"footnotes":""},"categories":[2],"tags":[],"class_list":["post-15037","post","type-post","status-publish","format-standard","has-post-thumbnail","hentry","category-estado"],"jetpack_featured_media_url":"https:\/\/encuentroinformativo.com.mx\/wp-content\/uploads\/2021\/06\/A3DDECAD-D2B7-4E06-8371-D7CF8460C11F.jpeg","jetpack_sharing_enabled":true,"jetpack_likes_enabled":true,"amp_enabled":true,"_links":{"self":[{"href":"https:\/\/encuentroinformativo.com.mx\/index.php?rest_route=\/wp\/v2\/posts\/15037","targetHints":{"allow":["GET"]}}],"collection":[{"href":"https:\/\/encuentroinformativo.com.mx\/index.php?rest_route=\/wp\/v2\/posts"}],"about":[{"href":"https:\/\/encuentroinformativo.com.mx\/index.php?rest_route=\/wp\/v2\/types\/post"}],"author":[{"embeddable":true,"href":"https:\/\/encuentroinformativo.com.mx\/index.php?rest_route=\/wp\/v2\/users\/1"}],"replies":[{"embeddable":true,"href":"https:\/\/encuentroinformativo.com.mx\/index.php?rest_route=%2Fwp%2Fv2%2Fcomments&post=15037"}],"version-history":[{"count":1,"href":"https:\/\/encuentroinformativo.com.mx\/index.php?rest_route=\/wp\/v2\/posts\/15037\/revisions"}],"predecessor-version":[{"id":15039,"href":"https:\/\/encuentroinformativo.com.mx\/index.php?rest_route=\/wp\/v2\/posts\/15037\/revisions\/15039"}],"wp:featuredmedia":[{"embeddable":true,"href":"https:\/\/encuentroinformativo.com.mx\/index.php?rest_route=\/wp\/v2\/media\/15038"}],"wp:attachment":[{"href":"https:\/\/encuentroinformativo.com.mx\/index.php?rest_route=%2Fwp%2Fv2%2Fmedia&parent=15037"}],"wp:term":[{"taxonomy":"category","embeddable":true,"href":"https:\/\/encuentroinformativo.com.mx\/index.php?rest_route=%2Fwp%2Fv2%2Fcategories&post=15037"},{"taxonomy":"post_tag","embeddable":true,"href":"https:\/\/encuentroinformativo.com.mx\/index.php?rest_route=%2Fwp%2Fv2%2Ftags&post=15037"}],"curies":[{"name":"wp","href":"https:\/\/api.w.org\/{rel}","templated":true}]}}