{"id":1504,"date":"2020-04-01T14:10:08","date_gmt":"2020-04-01T20:10:08","guid":{"rendered":"https:\/\/encuentroinformativo.com\/?p=1504"},"modified":"2020-04-01T14:10:13","modified_gmt":"2020-04-01T20:10:13","slug":"taxistas-demandan-ayuda-ante-crisis-por-contingencia","status":"publish","type":"post","link":"https:\/\/encuentroinformativo.com.mx\/?p=1504","title":{"rendered":"Taxistas demandan ayuda ante crisis por contingencia"},"content":{"rendered":"\n<p><strong>Juan Arcos<\/strong><\/p>\n\n\n\n<p>Xalapa, Ver.- Un grupo de 25 taxistas denunci\u00f3 que no ha podido acceder a los apoyos que brinda el gobierno a quienes se han visto afectados econ\u00f3micamente durante la contingencia sanitaria.<\/p>\n\n\n\n<p>Los conductores acudieron a Palacio de Gobierno para entregar un oficio y solicitar que sean contemplados para recibir una ayuda.<\/p>\n\n\n\n<p>Los taxistas Marco Antonio Lindo P\u00edo y Luis Ernesto Cobos Hern\u00e1ndez comentaron que no pudieron ingresar a la p\u00e1gina del programa Promover para acceder al beneficio econ\u00f3mico.<\/p>\n\n\n\n<p>\u201cEntras a la p\u00e1gina y te deja en espera, despu\u00e9s te saca, lo intentamos en un tel\u00e9fono celular, lo intentamos en una computadora, fuimos a un ciber\u201d.<\/p>\n\n\n\n<p>Los entrevistados mencionaron que s\u00f3lo algunas organizaciones transportistas han sido apoyadas porque tienen m\u00e1s agremiados.<\/p>\n\n\n\n<p>\u201cEl llamado es que nos incluyan en las tandas que est\u00e1n dando para los pr\u00e9stamos, para que nos encerremos y ya no salgamos a las calles\u201d.<\/p>\n\n\n\n<p>Los choferes amagaron con cerrar calles del centro de la ciudad en pr\u00f3ximos d\u00edas, en caso de que sus demandas sean ignoradas por las autoridades.<\/p>\n\n\n\n<p>En Palacio de Gobierno les dijeron que se trasladaran a las oficinas de la Secretar\u00eda de Desarrollo Econ\u00f3mico y Portuario (Sedecop), para que fueran atendidos y se solucionara el problema.<\/p>\n\n\n\n<p>\u201cSi no nos atienden vamos a tener que venir y cerrar las calles para que nos atienda un funcionario de gobierno porque ellos son los que pueden dar el resultado\u201d, sentenciaron.<\/p>\n\n\n\n<p>Al no obtener una respuesta favorable, sacaron pancartas y se manifestaron junto a Palacio de Gobierno.<\/p>\n\n\n\n<p>Sin embargo, fueron atendidos por personal de la Direcci\u00f3n de Pol\u00edtica Regional y una comisi\u00f3n de taxistas ingres\u00f3 a Palacio de Gobierno para dialogar con autoridades y llegar a un acuerdo.<\/p>\n","protected":false},"excerpt":{"rendered":"<p>Juan Arcos Xalapa, Ver.- Un grupo de 25 taxistas denunci\u00f3 que no ha podido acceder a los apoyos que brinda el gobierno a quienes se han visto afectados econ\u00f3micamente durante la contingencia sanitaria. Los conductores acudieron a Palacio de Gobierno para entregar un oficio y solicitar que sean contemplados para recibir una ayuda. Los taxistas [&hellip;]<\/p>\n","protected":false},"author":1,"featured_media":1505,"comment_status":"open","ping_status":"open","sticky":false,"template":"","format":"standard","meta":{"_jetpack_memberships_contains_paid_content":false,"footnotes":""},"categories":[3],"tags":[],"class_list":["post-1504","post","type-post","status-publish","format-standard","has-post-thumbnail","hentry","category-xalapa"],"jetpack_featured_media_url":"https:\/\/encuentroinformativo.com.mx\/wp-content\/uploads\/2020\/04\/0D895830-89CB-49B6-8D9C-669B9F47C044.jpeg","jetpack_sharing_enabled":true,"jetpack_likes_enabled":true,"amp_enabled":true,"_links":{"self":[{"href":"https:\/\/encuentroinformativo.com.mx\/index.php?rest_route=\/wp\/v2\/posts\/1504","targetHints":{"allow":["GET"]}}],"collection":[{"href":"https:\/\/encuentroinformativo.com.mx\/index.php?rest_route=\/wp\/v2\/posts"}],"about":[{"href":"https:\/\/encuentroinformativo.com.mx\/index.php?rest_route=\/wp\/v2\/types\/post"}],"author":[{"embeddable":true,"href":"https:\/\/encuentroinformativo.com.mx\/index.php?rest_route=\/wp\/v2\/users\/1"}],"replies":[{"embeddable":true,"href":"https:\/\/encuentroinformativo.com.mx\/index.php?rest_route=%2Fwp%2Fv2%2Fcomments&post=1504"}],"version-history":[{"count":1,"href":"https:\/\/encuentroinformativo.com.mx\/index.php?rest_route=\/wp\/v2\/posts\/1504\/revisions"}],"predecessor-version":[{"id":1506,"href":"https:\/\/encuentroinformativo.com.mx\/index.php?rest_route=\/wp\/v2\/posts\/1504\/revisions\/1506"}],"wp:featuredmedia":[{"embeddable":true,"href":"https:\/\/encuentroinformativo.com.mx\/index.php?rest_route=\/wp\/v2\/media\/1505"}],"wp:attachment":[{"href":"https:\/\/encuentroinformativo.com.mx\/index.php?rest_route=%2Fwp%2Fv2%2Fmedia&parent=1504"}],"wp:term":[{"taxonomy":"category","embeddable":true,"href":"https:\/\/encuentroinformativo.com.mx\/index.php?rest_route=%2Fwp%2Fv2%2Fcategories&post=1504"},{"taxonomy":"post_tag","embeddable":true,"href":"https:\/\/encuentroinformativo.com.mx\/index.php?rest_route=%2Fwp%2Fv2%2Ftags&post=1504"}],"curies":[{"name":"wp","href":"https:\/\/api.w.org\/{rel}","templated":true}]}}