{"id":15040,"date":"2021-06-08T16:16:03","date_gmt":"2021-06-08T21:16:03","guid":{"rendered":"https:\/\/encuentroinformativo.com.mx\/?p=15040"},"modified":"2021-06-08T16:16:07","modified_gmt":"2021-06-08T21:16:07","slug":"seguimos-siendo-la-segunda-fuerza-pan","status":"publish","type":"post","link":"https:\/\/encuentroinformativo.com.mx\/?p=15040","title":{"rendered":"Seguimos siendo la segunda fuerza: PAN"},"content":{"rendered":"\n<p><strong>Dar\u00edo Pale <\/strong><\/p>\n\n\n\n<p>Xalapa, Ver.- Pese a que no lograron grandes triunfos a nivel local, la confirmaci\u00f3n de la C\u00e1mara de Diputados es el pre\u00e1mbulo de la recuperaci\u00f3n de todo el pa\u00eds, as\u00ed lo se\u00f1al\u00f3 el dirigente del Partido Acci\u00f3n Nacional (PAN), Joaqu\u00edn Guzm\u00e1n Avil\u00e9s.<\/p>\n\n\n\n<p>En conferencia de prensa realizada en conocido hotel del centro de Xalapa, agradeci\u00f3 a los ciudadanos que participaron en la contienda electoral, porque gracias a ellos siguen siendo la segunda fuerza pol\u00edtica en Veracruz.<\/p>\n\n\n\n<p>&#8220;Nos hemos enfrentado desde hace dos a\u00f1os a un r\u00e9gimen al que no le importa hacer trampa, seguiremos haciendo frente, denunciando y vigilando las malas decisiones de quienes gobiernan en los municipios y de quienes intentan usar el Congreso local al servicio del gobierno del Estado&#8221;, coment\u00f3.<\/p>\n\n\n\n<p>Dio a conocer que los resultados no son oficiales, sin embargo, reconoci\u00f3 que en todo ejercicio democr\u00e1tico se gana y se pierde, no obstante se\u00f1al\u00f3 que no pueden omitir la intromisi\u00f3n del Estado en las elecciones, marcada por la violencia y la intimidaci\u00f3n para inhibir el voto.<\/p>\n\n\n\n<p>Finalmente advirti\u00f3 que seguir\u00e1n vigilando el proceso electoral, cuidando el voto y la voluntad de los ciudadanos.<\/p>\n","protected":false},"excerpt":{"rendered":"<p>Dar\u00edo Pale Xalapa, Ver.- Pese a que no lograron grandes triunfos a nivel local, la confirmaci\u00f3n de la C\u00e1mara de Diputados es el pre\u00e1mbulo de la recuperaci\u00f3n de todo el pa\u00eds, as\u00ed lo se\u00f1al\u00f3 el dirigente del Partido Acci\u00f3n Nacional (PAN), Joaqu\u00edn Guzm\u00e1n Avil\u00e9s. En conferencia de prensa realizada en conocido hotel del centro de [&hellip;]<\/p>\n","protected":false},"author":1,"featured_media":15041,"comment_status":"open","ping_status":"open","sticky":false,"template":"","format":"standard","meta":{"_jetpack_memberships_contains_paid_content":false,"footnotes":""},"categories":[2],"tags":[],"class_list":["post-15040","post","type-post","status-publish","format-standard","has-post-thumbnail","hentry","category-estado"],"jetpack_featured_media_url":"https:\/\/encuentroinformativo.com.mx\/wp-content\/uploads\/2021\/06\/7F980ADC-210D-4148-839E-15840A575A18.jpeg","jetpack_sharing_enabled":true,"jetpack_likes_enabled":true,"amp_enabled":true,"_links":{"self":[{"href":"https:\/\/encuentroinformativo.com.mx\/index.php?rest_route=\/wp\/v2\/posts\/15040","targetHints":{"allow":["GET"]}}],"collection":[{"href":"https:\/\/encuentroinformativo.com.mx\/index.php?rest_route=\/wp\/v2\/posts"}],"about":[{"href":"https:\/\/encuentroinformativo.com.mx\/index.php?rest_route=\/wp\/v2\/types\/post"}],"author":[{"embeddable":true,"href":"https:\/\/encuentroinformativo.com.mx\/index.php?rest_route=\/wp\/v2\/users\/1"}],"replies":[{"embeddable":true,"href":"https:\/\/encuentroinformativo.com.mx\/index.php?rest_route=%2Fwp%2Fv2%2Fcomments&post=15040"}],"version-history":[{"count":1,"href":"https:\/\/encuentroinformativo.com.mx\/index.php?rest_route=\/wp\/v2\/posts\/15040\/revisions"}],"predecessor-version":[{"id":15042,"href":"https:\/\/encuentroinformativo.com.mx\/index.php?rest_route=\/wp\/v2\/posts\/15040\/revisions\/15042"}],"wp:featuredmedia":[{"embeddable":true,"href":"https:\/\/encuentroinformativo.com.mx\/index.php?rest_route=\/wp\/v2\/media\/15041"}],"wp:attachment":[{"href":"https:\/\/encuentroinformativo.com.mx\/index.php?rest_route=%2Fwp%2Fv2%2Fmedia&parent=15040"}],"wp:term":[{"taxonomy":"category","embeddable":true,"href":"https:\/\/encuentroinformativo.com.mx\/index.php?rest_route=%2Fwp%2Fv2%2Fcategories&post=15040"},{"taxonomy":"post_tag","embeddable":true,"href":"https:\/\/encuentroinformativo.com.mx\/index.php?rest_route=%2Fwp%2Fv2%2Ftags&post=15040"}],"curies":[{"name":"wp","href":"https:\/\/api.w.org\/{rel}","templated":true}]}}