{"id":15049,"date":"2021-06-08T18:01:39","date_gmt":"2021-06-08T23:01:39","guid":{"rendered":"https:\/\/encuentroinformativo.com.mx\/?p=15049"},"modified":"2021-06-08T18:01:41","modified_gmt":"2021-06-08T23:01:41","slug":"gobernare-para-todos-sere-incluyente-ahued","status":"publish","type":"post","link":"https:\/\/encuentroinformativo.com.mx\/?p=15049","title":{"rendered":"Gobernar\u00e9 para todos, ser\u00e9 incluyente: Ahued"},"content":{"rendered":"\n<p>Xalapa, Ver.- Agradecido por el apoyo de xalape\u00f1as y xalape\u00f1os en las urnas, Ricardo Ahued Bardahuil, alcalde electo de la capital veracruzana, dio a conocer que solo espera recibir la constancia de mayor\u00eda para conformar su programa de gobierno, que ser\u00e1 incluyente y con una visi\u00f3n social.<\/p>\n\n\n\n<p>\u201cLa votaci\u00f3n hist\u00f3rica del 6 de junio, me obliga a no fallarles. Gobernar\u00e9 para todos, con cordialidad, pero tambi\u00e9n con car\u00e1cter, esa ser\u00e1 la din\u00e1mica con la que trabajaremos\u201d, se\u00f1al\u00f3.<\/p>\n\n\n\n<p>En entrevista radiof\u00f3nica, Ricardo Ahued dijo que, para dar los resultados que demanda la poblaci\u00f3n, llegar\u00e1 al Ayuntamiento de Xalapa con m\u00e1s experiencia y con un equipo de trabajo responsable, capaz y \u00e9tico.<\/p>\n\n\n\n<p>\u201cDurante la campa\u00f1a hicimos un diagn\u00f3stico real de la ciudad, tenemos la radiograf\u00eda de Xalapa y empezaremos a trabajar en breve. Sabemos qu\u00e9 hacer, no improvisaremos\u201d, indic\u00f3.<\/p>\n\n\n\n<p>En ese sentido, detall\u00f3 que su equipo de colaboradores ser\u00e1 de profesionales y t\u00e9cnicos comprometidos con la ciudad, atentos y conocedores de las \u00e1reas operativas y administrativas, con trayectoria y con deseos de servirle a Xalapa.<\/p>\n\n\n\n<p>\u201cTodos los que vivimos y queremos a Xalapa, deseamos servirle. Nos conviene dignificarla como capital veracruzana y muchos de sus proyectos de desarrollo e infraestructura, tendr\u00e1n que ser con una visi\u00f3n metropolitana\u201d, enfatiz\u00f3.<\/p>\n","protected":false},"excerpt":{"rendered":"<p>Xalapa, Ver.- Agradecido por el apoyo de xalape\u00f1as y xalape\u00f1os en las urnas, Ricardo Ahued Bardahuil, alcalde electo de la capital veracruzana, dio a conocer que solo espera recibir la constancia de mayor\u00eda para conformar su programa de gobierno, que ser\u00e1 incluyente y con una visi\u00f3n social. \u201cLa votaci\u00f3n hist\u00f3rica del 6 de junio, me [&hellip;]<\/p>\n","protected":false},"author":1,"featured_media":15050,"comment_status":"open","ping_status":"open","sticky":false,"template":"","format":"standard","meta":{"_jetpack_memberships_contains_paid_content":false,"footnotes":""},"categories":[3],"tags":[],"class_list":["post-15049","post","type-post","status-publish","format-standard","has-post-thumbnail","hentry","category-xalapa"],"jetpack_featured_media_url":"https:\/\/encuentroinformativo.com.mx\/wp-content\/uploads\/2021\/06\/782A404F-7C4B-4ABA-B0C9-1320780F9F6A.jpeg","jetpack_sharing_enabled":true,"jetpack_likes_enabled":true,"amp_enabled":true,"_links":{"self":[{"href":"https:\/\/encuentroinformativo.com.mx\/index.php?rest_route=\/wp\/v2\/posts\/15049","targetHints":{"allow":["GET"]}}],"collection":[{"href":"https:\/\/encuentroinformativo.com.mx\/index.php?rest_route=\/wp\/v2\/posts"}],"about":[{"href":"https:\/\/encuentroinformativo.com.mx\/index.php?rest_route=\/wp\/v2\/types\/post"}],"author":[{"embeddable":true,"href":"https:\/\/encuentroinformativo.com.mx\/index.php?rest_route=\/wp\/v2\/users\/1"}],"replies":[{"embeddable":true,"href":"https:\/\/encuentroinformativo.com.mx\/index.php?rest_route=%2Fwp%2Fv2%2Fcomments&post=15049"}],"version-history":[{"count":1,"href":"https:\/\/encuentroinformativo.com.mx\/index.php?rest_route=\/wp\/v2\/posts\/15049\/revisions"}],"predecessor-version":[{"id":15051,"href":"https:\/\/encuentroinformativo.com.mx\/index.php?rest_route=\/wp\/v2\/posts\/15049\/revisions\/15051"}],"wp:featuredmedia":[{"embeddable":true,"href":"https:\/\/encuentroinformativo.com.mx\/index.php?rest_route=\/wp\/v2\/media\/15050"}],"wp:attachment":[{"href":"https:\/\/encuentroinformativo.com.mx\/index.php?rest_route=%2Fwp%2Fv2%2Fmedia&parent=15049"}],"wp:term":[{"taxonomy":"category","embeddable":true,"href":"https:\/\/encuentroinformativo.com.mx\/index.php?rest_route=%2Fwp%2Fv2%2Fcategories&post=15049"},{"taxonomy":"post_tag","embeddable":true,"href":"https:\/\/encuentroinformativo.com.mx\/index.php?rest_route=%2Fwp%2Fv2%2Ftags&post=15049"}],"curies":[{"name":"wp","href":"https:\/\/api.w.org\/{rel}","templated":true}]}}