{"id":15085,"date":"2021-06-09T08:56:57","date_gmt":"2021-06-09T13:56:57","guid":{"rendered":"https:\/\/encuentroinformativo.com.mx\/?p=15085"},"modified":"2021-06-09T11:59:47","modified_gmt":"2021-06-09T16:59:47","slug":"sembrando-life-vino-kamala-y-mi-corazoncito-latio","status":"publish","type":"post","link":"https:\/\/encuentroinformativo.com.mx\/?p=15085","title":{"rendered":"SEMBRANDO \u201cLIFE\u201d: VINO KAMALA Y MI CORAZONCITO LATI\u00d3"},"content":{"rendered":"\n<p><strong>@pablojair<\/strong><\/p>\n\n\n\n<ul class=\"wp-block-list\"><li>El perro-oso de \u201cUlito\u201d.<\/li><li>Morena sac\u00f3 votaci\u00f3n de 2 a 1.<\/li><li>Exsome exhibe irregularidades.<\/li><li>La reflexi\u00f3n postelectoral de Davi\u2019<\/li><\/ul>\n\n\n\n<p>Que a diferencia de Ahued en Xalapa, el pri\u00edsta Juan Manuel Diez<br>no hizo efecto remolque en Orizaba: solo gan\u00f3 la alcald\u00eda.<br>&#8211;Chopenjawer<\/p>\n\n\n\n<p>Una gira muy r\u00e1pida de trabajo la que hizo la primer vicepresidenta de Estados Unidos, Kamala Harris, a Guatemala y M\u00e9xico.<\/p>\n\n\n\n<p>La vicepresidenta es un personaje muy popular en Estados Unidos no s\u00f3lo por simbolizar el empoderamiento de las mujeres, sino tambi\u00e9n por sus or\u00edgenes de clase media y pertenecer a la comunidad afroamericana, por aquello de que el vecino pa\u00eds del norte todav\u00eda tiene problemas serios con el tema del racismo. (Ac\u00e1 en M\u00e9xico tambi\u00e9n, pero nos hacemos weyes, y adem\u00e1s le metemos candela al asunto con el clasismo).<\/p>\n\n\n\n<p>Kamala Harris no s\u00f3lo se muestra como una poderosa vicepresidenta, sino como una verdadera l\u00edder mundial con mucho carisma\u2026 S\u00ed, es mi crush plat\u00f3nico.<\/p>\n\n\n\n<p>El tema obligado y principal de su visita fue precisamente el migratorio, donde llama la atenci\u00f3n el caso particular de lo que dijo en Guatemala, en conferencia conjunta con el presidente Alejandro Giammattei.<\/p>\n\n\n\n<p>En su mensaje, habl\u00f3 de la inversi\u00f3n que Estados Unidos har\u00e1 en agronegocios, donde hizo \u00e9nfasis en la preocupaci\u00f3n de empresarios preocupados por no s\u00f3lo plantar \u00e1rboles para ayudar al medio ambiente, sino tambi\u00e9n para crear empleos y ayudar a que la gente se mantenga en sus lugares de origen.<\/p>\n\n\n\n<p>\u201cVamos a invertir en agronegocios y tambi\u00e9n en vivienda asequible, as\u00ed como apoyaremos a empresarios. El Presidente Giammattei me mencion\u00f3 varias veces este d\u00eda, en conversaciones previas, acerca de sus prioridad alrededor de plantar \u00e1rboles que derivar\u00edan en ayuda al medio ambiente. \u00daltimamente se ha hablado mucho de los \u201cecopreneurs\u201d, empresarios enfocados en el clima, enfocados en lo que podr\u00eda pasar si se protege al medio ambiente, pero tambi\u00e9n con la capacidad de crear empleos y desarrollo econ\u00f3mico\u201d, expres\u00f3.<\/p>\n\n\n\n<p>En la ficha informativa emitida por la Casa Blanca (en cuyo portal web se puede ver la versi\u00f3n en espa\u00f1ol) destaca precisamente ese punto: \u201cLa DFC (Development Finance Corporation, una especie de banco del gobierno con participaci\u00f3n privada) procurar\u00e1 invertir US$ 6 millones en un proyecto con Agro Atlantic que contribuir\u00e1 a extender una plantaci\u00f3n de bananas. El proyecto tambi\u00e9n ayudar\u00e1 a generar cientos de nuevos puestos de trabajo, incluso para mujeres, en la regi\u00f3n central de Guatemala\u201d.<\/p>\n\n\n\n<p>En lo referente a vivienda indica: \u201cLa DFC proporcionar\u00e1 un pr\u00e9stamo de US$ 19,5 millones a Destino Desarrollos con el fin de contribuir a la construcci\u00f3n de cerca de 1.800 viviendas y obras de infraestructura relacionadas en las ciudades secundarias y terciarias de Quetzaltenango, Cob\u00e1n y Fraijanes en Guatemala, donde se registran altos \u00edndices de migraci\u00f3n de salida. Este proyecto crear\u00e1 viviendas familiares seguras y asequibles y<br>contribuir\u00e1 a generar cientos de puestos de trabajo locales en la comunidad\u201d.<\/p>\n\n\n\n<p>\u00bfY qu\u00e9 tiene qu\u00e9 ver el asunto de Guatemala con M\u00e9xico? Muy sencillo: el que ha estado planteando el tema de la necesaria inversi\u00f3n de M\u00e9xico y Estados Unidos en pa\u00edses centroamericanos con alta migraci\u00f3n para buscar entrar a Estados Unidos de manera ilegal, ha sido el presidente Andr\u00e9s Manuel L\u00f3pez Obrador, quien ha propuesto su programa \u201cSembrando Vida\u201d como punta de lanza para esos lugares, y as\u00ed evitar que la gente migre por causas econ\u00f3micas.<\/p>\n\n\n\n<p>En su conferencia en M\u00e9xico, mi crush plat\u00f3nico reiter\u00f3 lo anterior: se deben atender de ra\u00edz las causas de la migraci\u00f3n para detener el flujo de personas de Centroam\u00e9rica hacia Norteam\u00e9rica.<\/p>\n\n\n\n<p>En una de esas, hasta Kamala o el mismo presidente Biden no tardan en anunciar el plan \u201cSowing Life\u201d y ya-saben-qui\u00e9n lo va a festejar.<\/p>\n\n\n\n<p><strong>NOTA PARA PEGAR EN EL REFRI: <\/strong>Hace algunos a\u00f1os, en la sede estatal del Partido Revolucionario Institucional (PRI), nos tocaron las elecciones del 2015 cuando se eligieron diputados federales. El d\u00eda de los comicios, por la noche, se convoc\u00f3 a una conferencia de prensa para dar a conocer las tendencias favorables de la elecci\u00f3n, aunque hab\u00eda todav\u00eda lugares en los cuales no hab\u00eda una ventaja clara (si no mal recuerdo, el PRI gan\u00f3 17 distritos en esa ocasi\u00f3n). La conferencia fue convocada a las 20 horas, pero se retras\u00f3 un buen rato al grado de que los periodistas comenzaron a presionar, pero la dirigencia tricolor insisti\u00f3 en esperarse para dar datos concretos y veraces sobre los distritos ganados y decidieron no salir a informar con triunfalismos\u2026 Lo anterior viene a colaci\u00f3n por lo que le pas\u00f3 a &#8220;Ulito&#8221; Moreno, el actual dirigente nacional, que ni bien hab\u00eda terminado la elecci\u00f3n del domingo y sali\u00f3 a decir que su partido ten\u00eda aseguradas 7 gubernaturas, cuando al final no obtuvo nada; vaya, ni siquiera Campeche, el estado donde fue gobernador\u2026 Como dice la chaviza: perro oso.<\/p>\n\n\n\n<p><strong>OTRA NOTA: <\/strong>Que haciendo cuentas del total de la votaci\u00f3n en Veracruz, a la alianza PRIANRD parece que le cost\u00f3 mucho reunir una gran cantidad de votos entre las tres fuerzas pol\u00edticas (donde realmente prevalece m\u00e1s el PAN, ya que PRI y PRD se han ido esfumando poco a poco del mapa electoral). De acuerdo a cifras del PREP, en el caso de las diputaciones locales, juntaron entre los tres un mill\u00f3n 47 mil 234 votos, mientras que la alianza Morena-PT-Verde logr\u00f3 sumar un mill\u00f3n 417 mil 707 sufragios. A estos mismos n\u00fameros habr\u00eda que sumarle 63 mil 436 m\u00e1s que Morena obtuvo de manera individual, m\u00e1s los 28 mil 138 del PT y los 32 mil 587 del Partido Verde, que dar\u00edan un gran total de un mill\u00f3n 541 mil 868 votos para el partido lopezobradorista y sus aliados\u2026 En el caso de los ayuntamientos, el Programa de Resultados Electorales Preliminares tambi\u00e9n indica que Morena sac\u00f3 una votaci\u00f3n de 2 a 1 con un mill\u00f3n 002 mil 037, que sumados a los 224 mil 732 del Partido Verde y 114 mil 921 del PT, resulta en un mill\u00f3n 341 mil 690 votos. En contraparte, si se suman los 511 mil 537 del PAN, m\u00e1s los 382,105 mil del PRI y los 232,970 mil del PRD, estos alcanzan un mill\u00f3n 126 mil 612\u2026 Para no hacerse bolas con tanto n\u00famero, en s\u00edntesis, en Veracruz Morena saca por s\u00ed solo una votaci\u00f3n de dos a uno sobre el PAN, su m\u00e1s cercano rival; en alianza, el PRIANRD tiene un voto en promedio de un mill\u00f3n 100 mil votos, mientras que los morenos, los petistas y disque ecologistas pueden presumir de tener una votaci\u00f3n de un mill\u00f3n 300 hasta un mill\u00f3n 500 mil.<\/p>\n\n\n\n<p>OTRA NOTA EXTRA: A trav\u00e9s de un video que subi\u00f3 a sus redes sociales, Ricardo Exsome Zapata \u2014quien contendi\u00f3 como candidato a la alcald\u00eda de Veracruz, abanderado por la coalici\u00f3n Morena-PT-PVEM\u2014 con acta en mano demostr\u00f3, por ejemplo, c\u00f3mo en el acta de una casilla se contabilizaron 115 votos a favor de Morena pero que no fueron registrados en el Programa de Resultados Electorales Preliminares (PREP), en donde le pusieron cero sufragios. A\u00f1adi\u00f3 que como ese caso, hay cientos de irregularidades similares en el registro de votos \u201cEsta es la explicaci\u00f3n de c\u00f3mo los opositores mienten otra vez y no es cierto que tengan m\u00e1s votos que nosotros. Te invito a que te involucres a defender la democracia con pruebas, no con manifestaciones\u201d, se\u00f1al\u00f3. Como ya es sabido, la candidata de la alianza PRI-PAN-PRD, Patricia Lobeira (esposa del depuesto candidato Miguel \u00c1ngel Yunes M\u00e1rquez) se autoproclam\u00f3 triunfadora de la elecci\u00f3n. Sin embargo, el representante de Morena ante el OPLE, ya anunci\u00f3 que impugnar\u00e1n ante los tribunales los resultados de esos comicios.<\/p>\n\n\n\n<p><strong>LA \u00daLTIMA PORQUE ME &#8220;VOASHINGAR&#8221; UN CALDITO: <\/strong>Ser\u00e1 dif\u00edcil para David Velasco Chedraui el proceso de reflexi\u00f3n postelectoral. Los resultados en las urnas demostraron que la ciudadan\u00eda s\u00ed recuerda a los administradores que pasaron por el ayuntamiento xalape\u00f1o. Aunado a la simpat\u00eda que muchos le tienen a Ricardo Ahued, a la fuerte presencia de marca de MORENA y a la operaci\u00f3n de muchos panistas resentidos que sintieron una imposici\u00f3n con el ex priista, la gota que derram\u00f3 el vaso fue la revelaci\u00f3n de sus intereses en la Torre JV de Xalapa asociado con empresarios de dudosa reputaci\u00f3n, dos de ellos involucrados en el expediente judicial contra Javier Duarte. Ciertamente \u201cDavicho\u201d tiene que replantear su carrera pol\u00edtica y empresarial consciente de que no hay nada turbio que puedas esconder para siempre.<\/p>\n","protected":false},"excerpt":{"rendered":"<p>@pablojair El perro-oso de \u201cUlito\u201d. Morena sac\u00f3 votaci\u00f3n de 2 a 1. Exsome exhibe irregularidades. La reflexi\u00f3n postelectoral de Davi\u2019 Que a diferencia de Ahued en Xalapa, el pri\u00edsta Juan Manuel Diezno hizo efecto remolque en Orizaba: solo gan\u00f3 la alcald\u00eda.&#8211;Chopenjawer Una gira muy r\u00e1pida de trabajo la que hizo la primer vicepresidenta de Estados [&hellip;]<\/p>\n","protected":false},"author":1,"featured_media":488,"comment_status":"open","ping_status":"open","sticky":false,"template":"","format":"standard","meta":{"_jetpack_memberships_contains_paid_content":false,"footnotes":""},"categories":[11],"tags":[],"class_list":["post-15085","post","type-post","status-publish","format-standard","has-post-thumbnail","hentry","category-opinion"],"jetpack_featured_media_url":"https:\/\/encuentroinformativo.com.mx\/wp-content\/uploads\/2020\/03\/F471F608-BA1A-416B-BA7B-BCFB24F4E6D0.jpeg","jetpack_sharing_enabled":true,"jetpack_likes_enabled":true,"amp_enabled":true,"_links":{"self":[{"href":"https:\/\/encuentroinformativo.com.mx\/index.php?rest_route=\/wp\/v2\/posts\/15085","targetHints":{"allow":["GET"]}}],"collection":[{"href":"https:\/\/encuentroinformativo.com.mx\/index.php?rest_route=\/wp\/v2\/posts"}],"about":[{"href":"https:\/\/encuentroinformativo.com.mx\/index.php?rest_route=\/wp\/v2\/types\/post"}],"author":[{"embeddable":true,"href":"https:\/\/encuentroinformativo.com.mx\/index.php?rest_route=\/wp\/v2\/users\/1"}],"replies":[{"embeddable":true,"href":"https:\/\/encuentroinformativo.com.mx\/index.php?rest_route=%2Fwp%2Fv2%2Fcomments&post=15085"}],"version-history":[{"count":1,"href":"https:\/\/encuentroinformativo.com.mx\/index.php?rest_route=\/wp\/v2\/posts\/15085\/revisions"}],"predecessor-version":[{"id":15086,"href":"https:\/\/encuentroinformativo.com.mx\/index.php?rest_route=\/wp\/v2\/posts\/15085\/revisions\/15086"}],"wp:featuredmedia":[{"embeddable":true,"href":"https:\/\/encuentroinformativo.com.mx\/index.php?rest_route=\/wp\/v2\/media\/488"}],"wp:attachment":[{"href":"https:\/\/encuentroinformativo.com.mx\/index.php?rest_route=%2Fwp%2Fv2%2Fmedia&parent=15085"}],"wp:term":[{"taxonomy":"category","embeddable":true,"href":"https:\/\/encuentroinformativo.com.mx\/index.php?rest_route=%2Fwp%2Fv2%2Fcategories&post=15085"},{"taxonomy":"post_tag","embeddable":true,"href":"https:\/\/encuentroinformativo.com.mx\/index.php?rest_route=%2Fwp%2Fv2%2Ftags&post=15085"}],"curies":[{"name":"wp","href":"https:\/\/api.w.org\/{rel}","templated":true}]}}