{"id":15093,"date":"2021-06-09T14:21:42","date_gmt":"2021-06-09T19:21:42","guid":{"rendered":"https:\/\/encuentroinformativo.com.mx\/?p=15093"},"modified":"2021-06-09T14:21:46","modified_gmt":"2021-06-09T19:21:46","slug":"asegura-issste-que-ya-resuelven-problemas-de-climas-en-clinica","status":"publish","type":"post","link":"https:\/\/encuentroinformativo.com.mx\/?p=15093","title":{"rendered":"Asegura ISSSTE que ya resuelven problemas de climas en cl\u00ednica"},"content":{"rendered":"\n<p>Veracruz, Ver.- En relaci\u00f3n al estado del aire acondicionado del Hospital Regional del ISSSTE de Veracruz, la Direcci\u00f3n informa que el d\u00eda mi\u00e9rcoles 9 de junio del 2021, se colocar\u00e1n 18 nuevos equipos de aire acondicionado port\u00e1tiles que reforzar\u00e1 la temperatura \u00f3ptima para la reanudaci\u00f3n de las actividades en quir\u00f3fanos y algunas \u00e1reas.<\/p>\n\n\n\n<p>El Hospital Regional \u201cB\u201d de Alta Especialidad nunca ha dejado de atender las urgencias calificadas, ni los procedimientos quir\u00fargicos de emergencia que ponen en riesgo la vida de los pacientes.<\/p>\n\n\n\n<p>Gracias a las gestiones a nivel central de las Oficinas del ISSSTE, llegar\u00e1 un nuevo equipo de chiller con valor de 7 millones de pesos, para sustituir uno de los 3 equipos chiller, que se encargan del enfriamiento del nosocomio, aunado a la reposici\u00f3n de piezas provenientes del extranjero para su uso \u00f3ptimo en los quir\u00f3fanos.<\/p>\n\n\n\n<p>La Direcci\u00f3n del Hospital Regional hace menci\u00f3n especial a los trabajadores que han laborado d\u00eda y noche de forma ininterrumpida para la reparaci\u00f3n de este desperfecto, ocurrido el d\u00eda viernes 4 de junio y que quedar\u00e1 subsanado en breve.<\/p>\n\n\n\n<p>Cabe destacar que solamente el d\u00eda viernes 4, lunes 7 y martes 8 de junio se aplazaron las intervenciones quir\u00fargicas que no pon\u00edan en riesgo la vida, mientras que el fin de semana (d\u00edas donde no se realizan procedimientos quir\u00fargicos programados) se ejecutaron los trabajos para dar soluci\u00f3n definitiva y garantizar el buen funcionamiento de los sistemas de aire acondicionado del Hospital.<\/p>\n\n\n\n<p>Para el ISSSTE es primordial la atenci\u00f3n de su derechohabiencia y la prestaci\u00f3n del servicio m\u00e9dico y los servicios sociales con calidad, calidez y profundo sentido humano.<\/p>\n\n\n\n<p><strong>Comunicado<\/strong> <\/p>\n","protected":false},"excerpt":{"rendered":"<p>Veracruz, Ver.- En relaci\u00f3n al estado del aire acondicionado del Hospital Regional del ISSSTE de Veracruz, la Direcci\u00f3n informa que el d\u00eda mi\u00e9rcoles 9 de junio del 2021, se colocar\u00e1n 18 nuevos equipos de aire acondicionado port\u00e1tiles que reforzar\u00e1 la temperatura \u00f3ptima para la reanudaci\u00f3n de las actividades en quir\u00f3fanos y algunas \u00e1reas. El Hospital [&hellip;]<\/p>\n","protected":false},"author":1,"featured_media":3264,"comment_status":"open","ping_status":"open","sticky":false,"template":"","format":"standard","meta":{"_jetpack_memberships_contains_paid_content":false,"footnotes":""},"categories":[9],"tags":[],"class_list":["post-15093","post","type-post","status-publish","format-standard","has-post-thumbnail","hentry","category-salud"],"jetpack_featured_media_url":"https:\/\/encuentroinformativo.com.mx\/wp-content\/uploads\/2020\/06\/3C083413-A8A5-45DA-A59F-AE2F0474092D.jpeg","jetpack_sharing_enabled":true,"jetpack_likes_enabled":true,"amp_enabled":true,"_links":{"self":[{"href":"https:\/\/encuentroinformativo.com.mx\/index.php?rest_route=\/wp\/v2\/posts\/15093","targetHints":{"allow":["GET"]}}],"collection":[{"href":"https:\/\/encuentroinformativo.com.mx\/index.php?rest_route=\/wp\/v2\/posts"}],"about":[{"href":"https:\/\/encuentroinformativo.com.mx\/index.php?rest_route=\/wp\/v2\/types\/post"}],"author":[{"embeddable":true,"href":"https:\/\/encuentroinformativo.com.mx\/index.php?rest_route=\/wp\/v2\/users\/1"}],"replies":[{"embeddable":true,"href":"https:\/\/encuentroinformativo.com.mx\/index.php?rest_route=%2Fwp%2Fv2%2Fcomments&post=15093"}],"version-history":[{"count":1,"href":"https:\/\/encuentroinformativo.com.mx\/index.php?rest_route=\/wp\/v2\/posts\/15093\/revisions"}],"predecessor-version":[{"id":15094,"href":"https:\/\/encuentroinformativo.com.mx\/index.php?rest_route=\/wp\/v2\/posts\/15093\/revisions\/15094"}],"wp:featuredmedia":[{"embeddable":true,"href":"https:\/\/encuentroinformativo.com.mx\/index.php?rest_route=\/wp\/v2\/media\/3264"}],"wp:attachment":[{"href":"https:\/\/encuentroinformativo.com.mx\/index.php?rest_route=%2Fwp%2Fv2%2Fmedia&parent=15093"}],"wp:term":[{"taxonomy":"category","embeddable":true,"href":"https:\/\/encuentroinformativo.com.mx\/index.php?rest_route=%2Fwp%2Fv2%2Fcategories&post=15093"},{"taxonomy":"post_tag","embeddable":true,"href":"https:\/\/encuentroinformativo.com.mx\/index.php?rest_route=%2Fwp%2Fv2%2Ftags&post=15093"}],"curies":[{"name":"wp","href":"https:\/\/api.w.org\/{rel}","templated":true}]}}