{"id":151,"date":"2020-02-26T18:07:43","date_gmt":"2020-02-27T00:07:43","guid":{"rendered":"https:\/\/encuentroinformativodotcomdotmx.wordpress.com\/?p=151"},"modified":"2020-02-26T18:07:43","modified_gmt":"2020-02-27T00:07:43","slug":"ante-falta-de-empleos-promoveran-cumbre-de-emprendedores","status":"publish","type":"post","link":"https:\/\/encuentroinformativo.com.mx\/?p=151","title":{"rendered":"Ante falta de empleos, promover\u00e1n Cumbre de Emprendedores"},"content":{"rendered":"<p><img loading=\"lazy\" decoding=\"async\" class=\"size-medium wp-image-150 alignleft\" src=\"https:\/\/encuentroinformativo.com.mx\/wp-content\/uploads\/2020\/02\/ef0348a3-0651-49b8-b02a-a3657f3e593d.jpg?w=300\" alt=\"\" width=\"300\" height=\"225\" srcset=\"https:\/\/encuentroinformativo.com.mx\/wp-content\/uploads\/2020\/02\/ef0348a3-0651-49b8-b02a-a3657f3e593d.jpg 1280w, https:\/\/encuentroinformativo.com.mx\/wp-content\/uploads\/2020\/02\/ef0348a3-0651-49b8-b02a-a3657f3e593d-300x225.jpg 300w, https:\/\/encuentroinformativo.com.mx\/wp-content\/uploads\/2020\/02\/ef0348a3-0651-49b8-b02a-a3657f3e593d-1024x768.jpg 1024w, https:\/\/encuentroinformativo.com.mx\/wp-content\/uploads\/2020\/02\/ef0348a3-0651-49b8-b02a-a3657f3e593d-768x576.jpg 768w, https:\/\/encuentroinformativo.com.mx\/wp-content\/uploads\/2020\/02\/ef0348a3-0651-49b8-b02a-a3657f3e593d-1200x900.jpg 1200w\" sizes=\"auto, (max-width: 300px) 100vw, 300px\" \/><\/p>\n<p><strong>Dar\u00edo Pale<\/strong><\/p>\n<p>Xalapa, Ver.- Es muy lamentable que los j\u00f3venes en el estado de Veracruz tengan pocas posibilidades de encontrar empleo, por lo que buscan orientarlos mediante una cumbre de emprendimiento.<\/p>\n<p>As\u00ed lo se\u00f1al\u00f3 en entrevista Roberto Castro, Representante de la Comisi\u00f3n Nacional de Empresarios J\u00f3venes de la Asociaci\u00f3n Mexicana de la Industria de la Construcci\u00f3n (AMIC), explic\u00f3 que en la Capital del Estado, se generan 6 mil profesionistas por a\u00f1o, y s\u00f3lo se generan mil empleos.<\/p>\n<p>&#8220;Tenemos realmente aqu\u00ed un problema coyuntural. En Xalapa salen 6 mil profesionales por a\u00f1o y se generan mil empleos&#8221;, se\u00f1al\u00f3.<\/p>\n<p>Respecto a aquellos que se podr\u00edan quedar sin empleo por el programa J\u00f3venes Construyendo el Futuro, dijo que entonces se deber\u00edan crear plataformas que les permitan generar empleos y no s\u00f3lo darles trabajo.<\/p>\n<p>&#8220;Aqu\u00ed el punto es que despu\u00e9s de ese programa qu\u00e9 van a hacer. Entonces, necesitamos que haya una propuesta que les permita a ellos generar empleos y propuestas&#8221;, dio a conocer.<\/p>\n<p>En ese tenor, invit\u00f3 a todos aquellos estudiantes o egresados, a asistir a la Cumbre de Emprendimiento, Innovaci\u00f3n y Calidad los d\u00edas 23 y 24 de marzo, el cual tendr\u00e1 un costo de 300 pesos y se realizar\u00e1 en el IMAC.<\/p>\n","protected":false},"excerpt":{"rendered":"<p>Dar\u00edo Pale Xalapa, Ver.- Es muy lamentable que los j\u00f3venes en el estado de Veracruz tengan pocas posibilidades de encontrar empleo, por lo que buscan orientarlos mediante una cumbre de emprendimiento. As\u00ed lo se\u00f1al\u00f3 en entrevista Roberto Castro, Representante de la Comisi\u00f3n Nacional de Empresarios J\u00f3venes de la Asociaci\u00f3n Mexicana de la Industria de la [&hellip;]<\/p>\n","protected":false},"author":1,"featured_media":150,"comment_status":"open","ping_status":"open","sticky":false,"template":"","format":"standard","meta":{"_jetpack_memberships_contains_paid_content":false,"footnotes":""},"categories":[2],"tags":[],"class_list":["post-151","post","type-post","status-publish","format-standard","has-post-thumbnail","hentry","category-estado"],"jetpack_featured_media_url":"https:\/\/encuentroinformativo.com.mx\/wp-content\/uploads\/2020\/02\/ef0348a3-0651-49b8-b02a-a3657f3e593d.jpg","jetpack_sharing_enabled":true,"jetpack_likes_enabled":true,"amp_enabled":true,"_links":{"self":[{"href":"https:\/\/encuentroinformativo.com.mx\/index.php?rest_route=\/wp\/v2\/posts\/151","targetHints":{"allow":["GET"]}}],"collection":[{"href":"https:\/\/encuentroinformativo.com.mx\/index.php?rest_route=\/wp\/v2\/posts"}],"about":[{"href":"https:\/\/encuentroinformativo.com.mx\/index.php?rest_route=\/wp\/v2\/types\/post"}],"author":[{"embeddable":true,"href":"https:\/\/encuentroinformativo.com.mx\/index.php?rest_route=\/wp\/v2\/users\/1"}],"replies":[{"embeddable":true,"href":"https:\/\/encuentroinformativo.com.mx\/index.php?rest_route=%2Fwp%2Fv2%2Fcomments&post=151"}],"version-history":[{"count":0,"href":"https:\/\/encuentroinformativo.com.mx\/index.php?rest_route=\/wp\/v2\/posts\/151\/revisions"}],"wp:featuredmedia":[{"embeddable":true,"href":"https:\/\/encuentroinformativo.com.mx\/index.php?rest_route=\/wp\/v2\/media\/150"}],"wp:attachment":[{"href":"https:\/\/encuentroinformativo.com.mx\/index.php?rest_route=%2Fwp%2Fv2%2Fmedia&parent=151"}],"wp:term":[{"taxonomy":"category","embeddable":true,"href":"https:\/\/encuentroinformativo.com.mx\/index.php?rest_route=%2Fwp%2Fv2%2Fcategories&post=151"},{"taxonomy":"post_tag","embeddable":true,"href":"https:\/\/encuentroinformativo.com.mx\/index.php?rest_route=%2Fwp%2Fv2%2Ftags&post=151"}],"curies":[{"name":"wp","href":"https:\/\/api.w.org\/{rel}","templated":true}]}}