{"id":15100,"date":"2021-06-09T16:22:05","date_gmt":"2021-06-09T21:22:05","guid":{"rendered":"https:\/\/encuentroinformativo.com.mx\/?p=15100"},"modified":"2021-06-09T16:22:09","modified_gmt":"2021-06-09T21:22:09","slug":"para-sanear-cerro-mercado-jauregui","status":"publish","type":"post","link":"https:\/\/encuentroinformativo.com.mx\/?p=15100","title":{"rendered":"Para sanear, cerr\u00f3 Mercado J\u00e1uregui"},"content":{"rendered":"\n<p><strong>Juan Arcos <\/strong><\/p>\n\n\n\n<p>Xalapa, Ver.- El mercado J\u00e1uregui cerr\u00f3 sus puertas durante el mi\u00e9rcoles 9 de junio, para llevar a cabo una desinfecci\u00f3n y limpieza exhaustiva, con el objetivo de evitar la propagaci\u00f3n del SARS-COV-2 (COVID-19) y cumplir con las medidas sanitarias.<\/p>\n\n\n\n<p>El recinto comercial, mismo que se encuentra entre las calles Tamborrel, Altamirano, Revoluci\u00f3n y Doctor Rafael Lucio, reanudar\u00eda actividades durante el jueves.<\/p>\n\n\n\n<p>En una peque\u00f1a cartulina que fue colocada sobre la fachada de la calle Revoluci\u00f3n, se informa a los clientes dicha situaci\u00f3n.<\/p>\n\n\n\n<p>\u201cSe informa que el mercado J\u00e1uregui permanecer\u00e1 cerrado el 9 de junio de 2021, reanudando el 10 de junio, en horario normal\u201d, se lee en el mensaje.<\/p>\n\n\n\n<p>El mercado m\u00e1s antiguo y m\u00e1s representativo de la capital estado abre sus puertas de ocho de la ma\u00f1ana a ocho de la noche.<\/p>\n\n\n\n<p>Afuera del lugar solo se colocaron las mujeres, quienes provienen de las rancher\u00edas y de municipios, como Teocelo y Xico, y que comercializan tortillas, nopales, flor de calabaza, tlacoyos y otros productos.<\/p>\n\n\n\n<p>Cabe mencionar que dichas labores ya se han llevado a cabo tambi\u00e9n en los mercados de La Rotonda, Galeana y Los Sauces.<\/p>\n\n\n\n<p>Xalapa se encuentra en sem\u00e1foro epidemiol\u00f3gico regional color naranja, de riesgo alto de contagio por coronavirus.<\/p>\n\n\n\n<figure class=\"wp-block-image size-large\"><img loading=\"lazy\" decoding=\"async\" width=\"1024\" height=\"768\" src=\"https:\/\/encuentroinformativo.com.mx\/wp-content\/uploads\/2021\/06\/EC3CA4C9-C0D7-45CD-8F0B-50B56CD4CC99-1024x768.jpeg\" alt=\"\" class=\"wp-image-15102\" srcset=\"https:\/\/encuentroinformativo.com.mx\/wp-content\/uploads\/2021\/06\/EC3CA4C9-C0D7-45CD-8F0B-50B56CD4CC99-1024x768.jpeg 1024w, https:\/\/encuentroinformativo.com.mx\/wp-content\/uploads\/2021\/06\/EC3CA4C9-C0D7-45CD-8F0B-50B56CD4CC99-300x225.jpeg 300w, https:\/\/encuentroinformativo.com.mx\/wp-content\/uploads\/2021\/06\/EC3CA4C9-C0D7-45CD-8F0B-50B56CD4CC99-768x576.jpeg 768w, https:\/\/encuentroinformativo.com.mx\/wp-content\/uploads\/2021\/06\/EC3CA4C9-C0D7-45CD-8F0B-50B56CD4CC99-1536x1152.jpeg 1536w, https:\/\/encuentroinformativo.com.mx\/wp-content\/uploads\/2021\/06\/EC3CA4C9-C0D7-45CD-8F0B-50B56CD4CC99.jpeg 1600w\" sizes=\"auto, (max-width: 1024px) 100vw, 1024px\" \/><\/figure>\n","protected":false},"excerpt":{"rendered":"<p>Juan Arcos Xalapa, Ver.- El mercado J\u00e1uregui cerr\u00f3 sus puertas durante el mi\u00e9rcoles 9 de junio, para llevar a cabo una desinfecci\u00f3n y limpieza exhaustiva, con el objetivo de evitar la propagaci\u00f3n del SARS-COV-2 (COVID-19) y cumplir con las medidas sanitarias. El recinto comercial, mismo que se encuentra entre las calles Tamborrel, Altamirano, Revoluci\u00f3n y [&hellip;]<\/p>\n","protected":false},"author":1,"featured_media":15101,"comment_status":"open","ping_status":"open","sticky":false,"template":"","format":"standard","meta":{"_jetpack_memberships_contains_paid_content":false,"footnotes":""},"categories":[3],"tags":[],"class_list":["post-15100","post","type-post","status-publish","format-standard","has-post-thumbnail","hentry","category-xalapa"],"jetpack_featured_media_url":"https:\/\/encuentroinformativo.com.mx\/wp-content\/uploads\/2021\/06\/FBCA5AF5-3444-4CF8-9084-DA726FDE9F21.jpeg","jetpack_sharing_enabled":true,"jetpack_likes_enabled":true,"amp_enabled":true,"_links":{"self":[{"href":"https:\/\/encuentroinformativo.com.mx\/index.php?rest_route=\/wp\/v2\/posts\/15100","targetHints":{"allow":["GET"]}}],"collection":[{"href":"https:\/\/encuentroinformativo.com.mx\/index.php?rest_route=\/wp\/v2\/posts"}],"about":[{"href":"https:\/\/encuentroinformativo.com.mx\/index.php?rest_route=\/wp\/v2\/types\/post"}],"author":[{"embeddable":true,"href":"https:\/\/encuentroinformativo.com.mx\/index.php?rest_route=\/wp\/v2\/users\/1"}],"replies":[{"embeddable":true,"href":"https:\/\/encuentroinformativo.com.mx\/index.php?rest_route=%2Fwp%2Fv2%2Fcomments&post=15100"}],"version-history":[{"count":1,"href":"https:\/\/encuentroinformativo.com.mx\/index.php?rest_route=\/wp\/v2\/posts\/15100\/revisions"}],"predecessor-version":[{"id":15103,"href":"https:\/\/encuentroinformativo.com.mx\/index.php?rest_route=\/wp\/v2\/posts\/15100\/revisions\/15103"}],"wp:featuredmedia":[{"embeddable":true,"href":"https:\/\/encuentroinformativo.com.mx\/index.php?rest_route=\/wp\/v2\/media\/15101"}],"wp:attachment":[{"href":"https:\/\/encuentroinformativo.com.mx\/index.php?rest_route=%2Fwp%2Fv2%2Fmedia&parent=15100"}],"wp:term":[{"taxonomy":"category","embeddable":true,"href":"https:\/\/encuentroinformativo.com.mx\/index.php?rest_route=%2Fwp%2Fv2%2Fcategories&post=15100"},{"taxonomy":"post_tag","embeddable":true,"href":"https:\/\/encuentroinformativo.com.mx\/index.php?rest_route=%2Fwp%2Fv2%2Ftags&post=15100"}],"curies":[{"name":"wp","href":"https:\/\/api.w.org\/{rel}","templated":true}]}}