{"id":15122,"date":"2021-06-10T14:07:52","date_gmt":"2021-06-10T19:07:52","guid":{"rendered":"https:\/\/encuentroinformativo.com.mx\/?p=15122"},"modified":"2021-06-10T14:07:56","modified_gmt":"2021-06-10T19:07:56","slug":"sin-condicionar-programas-sociales-afirma-delegado","status":"publish","type":"post","link":"https:\/\/encuentroinformativo.com.mx\/?p=15122","title":{"rendered":"Sin condicionar programas sociales, afirma  Delegado"},"content":{"rendered":"\n<p><strong>Dar\u00edo Pale <\/strong><\/p>\n\n\n\n<p>Xalapa, Ver.- El delegado del Bienestar en Veracruz Manuel Huerta Ladr\u00f3n de Guevara dio a conocer que no se detect\u00f3 el uso o condicionamiento de los programas sociales federales en Veracruz durante la jornada electoral, &#8220;me hubiera yo enterado por ustedes&#8221;.<\/p>\n\n\n\n<p>Entrevistado en el gimnasio Omega se\u00f1al\u00f3 que muchos, refiri\u00e9ndose a otros partidos pol\u00edticos, s\u00ed lo hicieron, pero en Morena no, por convicci\u00f3n y por blindaje, &#8220;estamos curados de espanto y pues, no por suerte, si no por una estrategia nacional. Los programas sociales han sido dise\u00f1ados para no ser mal usados. Son programas universales, se entregan directamente. Nadie le puede meter la mano&#8221;.<\/p>\n\n\n\n<p>Dio a conocer la reactivaci\u00f3n de estos programas, que en el caso de la pensi\u00f3n de personas adultas mayores y con alguna discapacidad aumentar\u00e1n, de igual forma regresa la apertura de otros, como el de J\u00f3venes Construyendo el Futuro y las Becas Benito Ju\u00e1rez.<\/p>\n\n\n\n<p>En otro orden de ideas record\u00f3 que el pr\u00f3ximo viernes 18 de junio, el presidente de M\u00e9xico, Andr\u00e9s Manuel L\u00f3pez Obrador llegar\u00e1 a San Rafael, en la zona norte de Veracruz, para platicar con los habitantes y destrabar el conflicto que impide la conclusi\u00f3n del tramo de dos kil\u00f3metros de la carretera Veracruz-Tampico.<\/p>\n\n\n\n<p>El anuncio lo hizo el Presidente en d\u00edas pasados y este jueves fue confirmado por el delegado de los programas del Bienestar en la entidad, Manuel Huerta Ladr\u00f3n de Guevara, quien afirm\u00f3 que &#8220;los quiere convencer de que la comunidad permita este camino que es muy importante&#8221;.<\/p>\n\n\n\n<p>Los habitantes de San Rafael se han opuesto a esta obra porque temen inundaciones, sin embargo, el presidente Andr\u00e9s Manuel les explicar\u00e1 que en vez de perjuicios tendr\u00e1n beneficios.<\/p>\n\n\n\n<p>\u201cFaltan dos kil\u00f3metros, aqu\u00ed en San Rafael; por esos dos kil\u00f3metros no podemos transitar desde Veracruz hasta Tampico. Ya est\u00e1 terminada la mayor parte del tramo de la autopista, pero en los dos kil\u00f3metros hay un conflicto y ahora s\u00ed que como dir\u00eda Cervantes en el Quijote: vengo a enderezar entuertos y hablar con la gente\u201d dijo el pasado viernes durante su conferencia ma\u00f1anera.<\/p>\n\n\n\n<p>Por \u00faltimo cabe se\u00f1alar que ese mismo d\u00eda, el Presidente de L\u00f3pez Obrador destac\u00f3 que una vez concluida esta obra el tr\u00e1nsito de Veracruz a Tampico se reducir\u00e1 a dos horas y media o tres m\u00e1ximo.<\/p>\n","protected":false},"excerpt":{"rendered":"<p>Dar\u00edo Pale Xalapa, Ver.- El delegado del Bienestar en Veracruz Manuel Huerta Ladr\u00f3n de Guevara dio a conocer que no se detect\u00f3 el uso o condicionamiento de los programas sociales federales en Veracruz durante la jornada electoral, &#8220;me hubiera yo enterado por ustedes&#8221;. Entrevistado en el gimnasio Omega se\u00f1al\u00f3 que muchos, refiri\u00e9ndose a otros partidos [&hellip;]<\/p>\n","protected":false},"author":1,"featured_media":15123,"comment_status":"open","ping_status":"open","sticky":false,"template":"","format":"standard","meta":{"_jetpack_memberships_contains_paid_content":false,"footnotes":""},"categories":[2],"tags":[],"class_list":["post-15122","post","type-post","status-publish","format-standard","has-post-thumbnail","hentry","category-estado"],"jetpack_featured_media_url":"https:\/\/encuentroinformativo.com.mx\/wp-content\/uploads\/2021\/06\/016444A2-33A5-4E08-BC84-A70FADCCB88C.jpeg","jetpack_sharing_enabled":true,"jetpack_likes_enabled":true,"amp_enabled":true,"_links":{"self":[{"href":"https:\/\/encuentroinformativo.com.mx\/index.php?rest_route=\/wp\/v2\/posts\/15122","targetHints":{"allow":["GET"]}}],"collection":[{"href":"https:\/\/encuentroinformativo.com.mx\/index.php?rest_route=\/wp\/v2\/posts"}],"about":[{"href":"https:\/\/encuentroinformativo.com.mx\/index.php?rest_route=\/wp\/v2\/types\/post"}],"author":[{"embeddable":true,"href":"https:\/\/encuentroinformativo.com.mx\/index.php?rest_route=\/wp\/v2\/users\/1"}],"replies":[{"embeddable":true,"href":"https:\/\/encuentroinformativo.com.mx\/index.php?rest_route=%2Fwp%2Fv2%2Fcomments&post=15122"}],"version-history":[{"count":1,"href":"https:\/\/encuentroinformativo.com.mx\/index.php?rest_route=\/wp\/v2\/posts\/15122\/revisions"}],"predecessor-version":[{"id":15124,"href":"https:\/\/encuentroinformativo.com.mx\/index.php?rest_route=\/wp\/v2\/posts\/15122\/revisions\/15124"}],"wp:featuredmedia":[{"embeddable":true,"href":"https:\/\/encuentroinformativo.com.mx\/index.php?rest_route=\/wp\/v2\/media\/15123"}],"wp:attachment":[{"href":"https:\/\/encuentroinformativo.com.mx\/index.php?rest_route=%2Fwp%2Fv2%2Fmedia&parent=15122"}],"wp:term":[{"taxonomy":"category","embeddable":true,"href":"https:\/\/encuentroinformativo.com.mx\/index.php?rest_route=%2Fwp%2Fv2%2Fcategories&post=15122"},{"taxonomy":"post_tag","embeddable":true,"href":"https:\/\/encuentroinformativo.com.mx\/index.php?rest_route=%2Fwp%2Fv2%2Ftags&post=15122"}],"curies":[{"name":"wp","href":"https:\/\/api.w.org\/{rel}","templated":true}]}}