{"id":15127,"date":"2021-06-10T15:31:46","date_gmt":"2021-06-10T20:31:46","guid":{"rendered":"https:\/\/encuentroinformativo.com.mx\/?p=15127"},"modified":"2021-06-10T15:31:50","modified_gmt":"2021-06-10T20:31:50","slug":"continuara-uv-sin-clases-presenciales","status":"publish","type":"post","link":"https:\/\/encuentroinformativo.com.mx\/?p=15127","title":{"rendered":"Continuar\u00e1 UV sin clases presenciales"},"content":{"rendered":"\n<p><strong>Juan Arcos <\/strong><\/p>\n\n\n\n<p>Xalapa, Ver.- La rectora de la Universidad Veracruzana (UV), Sara Ladr\u00f3n de Guevara G\u00f3nzalez, respetar\u00e1 el sem\u00e1foro epidemiol\u00f3gico por SARS-COV-2 (COVID-19) para el regreso a clases presenciales.<\/p>\n\n\n\n<p>La acad\u00e9mica record\u00f3 que el ciclo escolar 2020-2021 concluy\u00f3 en l\u00ednea para evitar contagios entre la comunidad universitaria.<\/p>\n\n\n\n<p>\u201cEstamos muy atentos al sem\u00e1foro que indica la Federaci\u00f3n y el estado, y somos muy cuidadosos porque la salud es primero, no vamos a arriesgar nuestro personal\u201d.<\/p>\n\n\n\n<p>La entrevistada se\u00f1al\u00f3 que el retorno a las aulas depender\u00e1 de las condiciones sanitarias que existan en la entidad, pues se busca proteger a la comunidad de la pandemia.<\/p>\n\n\n\n<p>Tambi\u00e9n dijo desconocer si en agosto pr\u00f3ximo ser\u00eda posible el regreso a clases presenciales en los campus de la Universidad Veracruzana.<br>Record\u00f3 que el sem\u00e1foro en Veracruz retrocedi\u00f3 del color verde al amarillo, con un riesgo medio de contagio.<\/p>\n\n\n\n<p>\u201cEs una responsabilidad enorme la salud de nuestra comunidad y as\u00ed lo consideraremos, por lo pronto este semestre concluy\u00f3 con actividades acad\u00e9micas a distancia\u201d.<\/p>\n\n\n\n<p>Finalmente, indic\u00f3 que ya se han emprendido algunas actividades presenciales, cuidando el aforo de personas para que no haya contagios.<\/p>\n","protected":false},"excerpt":{"rendered":"<p>Juan Arcos Xalapa, Ver.- La rectora de la Universidad Veracruzana (UV), Sara Ladr\u00f3n de Guevara G\u00f3nzalez, respetar\u00e1 el sem\u00e1foro epidemiol\u00f3gico por SARS-COV-2 (COVID-19) para el regreso a clases presenciales. La acad\u00e9mica record\u00f3 que el ciclo escolar 2020-2021 concluy\u00f3 en l\u00ednea para evitar contagios entre la comunidad universitaria. \u201cEstamos muy atentos al sem\u00e1foro que indica la [&hellip;]<\/p>\n","protected":false},"author":1,"featured_media":7413,"comment_status":"open","ping_status":"open","sticky":false,"template":"","format":"standard","meta":{"_jetpack_memberships_contains_paid_content":false,"footnotes":""},"categories":[2],"tags":[],"class_list":["post-15127","post","type-post","status-publish","format-standard","has-post-thumbnail","hentry","category-estado"],"jetpack_featured_media_url":"https:\/\/encuentroinformativo.com.mx\/wp-content\/uploads\/2020\/10\/6D2CFB05-FFB3-4849-8763-D16E8FDDF4C0.jpeg","jetpack_sharing_enabled":true,"jetpack_likes_enabled":true,"amp_enabled":true,"_links":{"self":[{"href":"https:\/\/encuentroinformativo.com.mx\/index.php?rest_route=\/wp\/v2\/posts\/15127","targetHints":{"allow":["GET"]}}],"collection":[{"href":"https:\/\/encuentroinformativo.com.mx\/index.php?rest_route=\/wp\/v2\/posts"}],"about":[{"href":"https:\/\/encuentroinformativo.com.mx\/index.php?rest_route=\/wp\/v2\/types\/post"}],"author":[{"embeddable":true,"href":"https:\/\/encuentroinformativo.com.mx\/index.php?rest_route=\/wp\/v2\/users\/1"}],"replies":[{"embeddable":true,"href":"https:\/\/encuentroinformativo.com.mx\/index.php?rest_route=%2Fwp%2Fv2%2Fcomments&post=15127"}],"version-history":[{"count":1,"href":"https:\/\/encuentroinformativo.com.mx\/index.php?rest_route=\/wp\/v2\/posts\/15127\/revisions"}],"predecessor-version":[{"id":15128,"href":"https:\/\/encuentroinformativo.com.mx\/index.php?rest_route=\/wp\/v2\/posts\/15127\/revisions\/15128"}],"wp:featuredmedia":[{"embeddable":true,"href":"https:\/\/encuentroinformativo.com.mx\/index.php?rest_route=\/wp\/v2\/media\/7413"}],"wp:attachment":[{"href":"https:\/\/encuentroinformativo.com.mx\/index.php?rest_route=%2Fwp%2Fv2%2Fmedia&parent=15127"}],"wp:term":[{"taxonomy":"category","embeddable":true,"href":"https:\/\/encuentroinformativo.com.mx\/index.php?rest_route=%2Fwp%2Fv2%2Fcategories&post=15127"},{"taxonomy":"post_tag","embeddable":true,"href":"https:\/\/encuentroinformativo.com.mx\/index.php?rest_route=%2Fwp%2Fv2%2Ftags&post=15127"}],"curies":[{"name":"wp","href":"https:\/\/api.w.org\/{rel}","templated":true}]}}