{"id":15134,"date":"2021-06-10T17:06:57","date_gmt":"2021-06-10T22:06:57","guid":{"rendered":"https:\/\/encuentroinformativo.com.mx\/?p=15134"},"modified":"2021-06-10T17:07:01","modified_gmt":"2021-06-10T22:07:01","slug":"simpatizantes-de-morena-y-pan-mantienen-planton-en-ople-veracruz","status":"publish","type":"post","link":"https:\/\/encuentroinformativo.com.mx\/?p=15134","title":{"rendered":"Simpatizantes de Morena y PAN mantienen plant\u00f3n en OPLE Veracruz"},"content":{"rendered":"\n<p><strong>Alejandro \u00c1vila<\/strong><\/p>\n\n\n\n<p>Veracruz, Ver.- Ni la fuerte lluvia que azot\u00f3 esta ma\u00f1ana la ciudad de Veracruz ahuyent\u00f3 a los simpatizantes de MORENA y del PAN, que mantienen su campamento a las afueras del OPLE que se ubica en el fraccionamiento Reforma del Puerto de Veracruz.<\/p>\n\n\n\n<p>Ya son m\u00e1s de 24 horas de guardia la que llevan los militantes partidistas de ambos bandos, mismos que vigilan el conteo final que se realiza en las instalaciones ubicadas en la calle Pinz\u00f3n y avenida Jos\u00e9 Mart\u00ed.<\/p>\n\n\n\n<p>El intenso bochorno de la ma\u00f1ana, posterior a la lluvia, solo calm\u00f3 un poco los \u00e1nimos; aunque los ciudadanos mantiene a distancias sus respectivos &#8220;bunkers&#8221; vigilados por elementos de la Secretar\u00eda de Seguridad P\u00fablica.<\/p>\n\n\n\n<p>Ambos bandos han reiterado que defender\u00e1n el triunfo de sus candidatos, pues tanto morenos como panistas sostienen que se vieron favorecidos con el triunfo en las urnas.<\/p>\n\n\n\n<p>El conteo contin\u00faa y se espera que al menos sea as\u00ed hasta el s\u00e1bado; mientras tanto, contin\u00faan llegando veh\u00edculos con comida y agua, adem\u00e1s de m\u00fasicos para amemizar la espera.<\/p>\n","protected":false},"excerpt":{"rendered":"<p>Alejandro \u00c1vila Veracruz, Ver.- Ni la fuerte lluvia que azot\u00f3 esta ma\u00f1ana la ciudad de Veracruz ahuyent\u00f3 a los simpatizantes de MORENA y del PAN, que mantienen su campamento a las afueras del OPLE que se ubica en el fraccionamiento Reforma del Puerto de Veracruz. Ya son m\u00e1s de 24 horas de guardia la que [&hellip;]<\/p>\n","protected":false},"author":1,"featured_media":15135,"comment_status":"open","ping_status":"open","sticky":false,"template":"","format":"standard","meta":{"_jetpack_memberships_contains_paid_content":false,"footnotes":""},"categories":[2],"tags":[],"class_list":["post-15134","post","type-post","status-publish","format-standard","has-post-thumbnail","hentry","category-estado"],"jetpack_featured_media_url":"https:\/\/encuentroinformativo.com.mx\/wp-content\/uploads\/2021\/06\/33A05DB0-3A33-46C1-B177-BE684950EE61.jpeg","jetpack_sharing_enabled":true,"jetpack_likes_enabled":true,"amp_enabled":true,"_links":{"self":[{"href":"https:\/\/encuentroinformativo.com.mx\/index.php?rest_route=\/wp\/v2\/posts\/15134","targetHints":{"allow":["GET"]}}],"collection":[{"href":"https:\/\/encuentroinformativo.com.mx\/index.php?rest_route=\/wp\/v2\/posts"}],"about":[{"href":"https:\/\/encuentroinformativo.com.mx\/index.php?rest_route=\/wp\/v2\/types\/post"}],"author":[{"embeddable":true,"href":"https:\/\/encuentroinformativo.com.mx\/index.php?rest_route=\/wp\/v2\/users\/1"}],"replies":[{"embeddable":true,"href":"https:\/\/encuentroinformativo.com.mx\/index.php?rest_route=%2Fwp%2Fv2%2Fcomments&post=15134"}],"version-history":[{"count":1,"href":"https:\/\/encuentroinformativo.com.mx\/index.php?rest_route=\/wp\/v2\/posts\/15134\/revisions"}],"predecessor-version":[{"id":15136,"href":"https:\/\/encuentroinformativo.com.mx\/index.php?rest_route=\/wp\/v2\/posts\/15134\/revisions\/15136"}],"wp:featuredmedia":[{"embeddable":true,"href":"https:\/\/encuentroinformativo.com.mx\/index.php?rest_route=\/wp\/v2\/media\/15135"}],"wp:attachment":[{"href":"https:\/\/encuentroinformativo.com.mx\/index.php?rest_route=%2Fwp%2Fv2%2Fmedia&parent=15134"}],"wp:term":[{"taxonomy":"category","embeddable":true,"href":"https:\/\/encuentroinformativo.com.mx\/index.php?rest_route=%2Fwp%2Fv2%2Fcategories&post=15134"},{"taxonomy":"post_tag","embeddable":true,"href":"https:\/\/encuentroinformativo.com.mx\/index.php?rest_route=%2Fwp%2Fv2%2Ftags&post=15134"}],"curies":[{"name":"wp","href":"https:\/\/api.w.org\/{rel}","templated":true}]}}