{"id":15140,"date":"2021-06-10T19:13:31","date_gmt":"2021-06-11T00:13:31","guid":{"rendered":"https:\/\/encuentroinformativo.com.mx\/?p=15140"},"modified":"2021-06-10T19:13:36","modified_gmt":"2021-06-11T00:13:36","slug":"habitantes-de-tepatlaxco-protestan-en-xalapa-acusan-quema-de-casillas","status":"publish","type":"post","link":"https:\/\/encuentroinformativo.com.mx\/?p=15140","title":{"rendered":"Habitantes de Tepatlaxco protestan en Xalapa, acusan quema de Casillas"},"content":{"rendered":"\n<p><strong>Dar\u00edo Pale <\/strong><\/p>\n\n\n\n<p>Xalapa, Ver.- Habitantes de la comunidad La Palma del municipio de Tepatlaxco dieron a conocer que les quemaron una casilla donde los resultados fueron favorables para el candidato del PRI, por lo cual se trasladaron a la capital del estado para manifestarse frente a las oficinas del Organismo P\u00fablico Local Electoral (OPLE).<\/p>\n\n\n\n<p>Entrevistados durante la manifestaci\u00f3n en la calle de Clavijero se\u00f1alaron que debido a un acta que no estaba muy legible le dan el triunfo al candidato del PAN, cuando ellos fueron quienes causaron los destrozos, ya que existen videos y denuncias ciudadanas y pese a ello le dieron el triunfo a Acci\u00f3n Nacional.<\/p>\n\n\n\n<p>\u201cEllos fueron los que se robaron las casillas \u00a0-que corresponde a la secci\u00f3n 3755- y despu\u00e9s las quemaron, ellos sab\u00edan que con esa casilla ten\u00edan la derrota y a nosotros con esa casilla nos est\u00e1n quitando el triunfo&#8221;, aseguraron los simpatizantes de Juan Francisco Peralta.<\/p>\n\n\n\n<p>Dio a conocer que est\u00e1n luchando y se ir\u00e1n al Tribunal Electoral, ya que \u00e9l acta que que ellos se\u00f1alan si es legible y est\u00e1 firmada por los representantes de los diferentes partidos pol\u00edticos y los del PAN son quienes quemaron las casillas donde sab\u00edan que con el recuenta de esta perder\u00edan la elecci\u00f3n.<\/p>\n\n\n\n<p>&#8220;Quemaron las urnas, hay v\u00eddeos donde el candidato panista con su gente est\u00e1 presente en la quema de las boletas. Quemaron la patrullas y las urnas y el candidato del PAN estuvo presente&#8221;, se\u00f1alaron.<\/p>\n\n\n\n<p>Comentaron que es una manifestaci\u00f3n pac\u00edfica ya que no vienen a agredir a nadie solo quieren dar a conocer a la ciudadan\u00eda que no les est\u00e1n haciendo valer su derecho por lo que los habitantes est\u00e1n enojados.<br>Los inconformes recordaron que desde el d\u00eda de la jornada electoral se presentaron diversos hechos de violencia que, seg\u00fan ellos, fueron cometidos por el candidato panista.<\/p>\n\n\n\n<p>Luego de que se le entregara su constancia de mayor\u00eda, advirtieron que acudir\u00e1n ante el Tribunal Electoral para impugnar la decisi\u00f3n del \u00f3rgano electoral.<\/p>\n\n\n\n<p>La diferencia entre uno y otro habr\u00edan sido apenas 27 votos, pero tras la quema de la casilla los n\u00fameros ya no favorecieron a su candidato.<\/p>\n\n\n\n<p>\u201cNos lo quieren quitar a la mala, ellos hicieron vandalismo, quemaron la patrulla y nosotros lo llevamos todo pac\u00edficamente, queremos justicia&#8221;, finalizaron.<\/p>\n\n\n\n<figure class=\"wp-block-image size-large\"><img loading=\"lazy\" decoding=\"async\" width=\"1024\" height=\"630\" src=\"https:\/\/encuentroinformativo.com.mx\/wp-content\/uploads\/2021\/06\/68113AA7-5D7F-43FB-8E70-C10E074C621A-1024x630.jpeg\" alt=\"\" class=\"wp-image-15142\" srcset=\"https:\/\/encuentroinformativo.com.mx\/wp-content\/uploads\/2021\/06\/68113AA7-5D7F-43FB-8E70-C10E074C621A-1024x630.jpeg 1024w, https:\/\/encuentroinformativo.com.mx\/wp-content\/uploads\/2021\/06\/68113AA7-5D7F-43FB-8E70-C10E074C621A-300x185.jpeg 300w, https:\/\/encuentroinformativo.com.mx\/wp-content\/uploads\/2021\/06\/68113AA7-5D7F-43FB-8E70-C10E074C621A-768x473.jpeg 768w, https:\/\/encuentroinformativo.com.mx\/wp-content\/uploads\/2021\/06\/68113AA7-5D7F-43FB-8E70-C10E074C621A.jpeg 1303w\" sizes=\"auto, (max-width: 1024px) 100vw, 1024px\" \/><\/figure>\n","protected":false},"excerpt":{"rendered":"<p>Dar\u00edo Pale Xalapa, Ver.- Habitantes de la comunidad La Palma del municipio de Tepatlaxco dieron a conocer que les quemaron una casilla donde los resultados fueron favorables para el candidato del PRI, por lo cual se trasladaron a la capital del estado para manifestarse frente a las oficinas del Organismo P\u00fablico Local Electoral (OPLE). Entrevistados [&hellip;]<\/p>\n","protected":false},"author":1,"featured_media":15141,"comment_status":"open","ping_status":"open","sticky":false,"template":"","format":"standard","meta":{"_jetpack_memberships_contains_paid_content":false,"footnotes":""},"categories":[2],"tags":[],"class_list":["post-15140","post","type-post","status-publish","format-standard","has-post-thumbnail","hentry","category-estado"],"jetpack_featured_media_url":"https:\/\/encuentroinformativo.com.mx\/wp-content\/uploads\/2021\/06\/8F965009-D9CE-458B-B74B-64CB49A64344.jpeg","jetpack_sharing_enabled":true,"jetpack_likes_enabled":true,"amp_enabled":true,"_links":{"self":[{"href":"https:\/\/encuentroinformativo.com.mx\/index.php?rest_route=\/wp\/v2\/posts\/15140","targetHints":{"allow":["GET"]}}],"collection":[{"href":"https:\/\/encuentroinformativo.com.mx\/index.php?rest_route=\/wp\/v2\/posts"}],"about":[{"href":"https:\/\/encuentroinformativo.com.mx\/index.php?rest_route=\/wp\/v2\/types\/post"}],"author":[{"embeddable":true,"href":"https:\/\/encuentroinformativo.com.mx\/index.php?rest_route=\/wp\/v2\/users\/1"}],"replies":[{"embeddable":true,"href":"https:\/\/encuentroinformativo.com.mx\/index.php?rest_route=%2Fwp%2Fv2%2Fcomments&post=15140"}],"version-history":[{"count":1,"href":"https:\/\/encuentroinformativo.com.mx\/index.php?rest_route=\/wp\/v2\/posts\/15140\/revisions"}],"predecessor-version":[{"id":15143,"href":"https:\/\/encuentroinformativo.com.mx\/index.php?rest_route=\/wp\/v2\/posts\/15140\/revisions\/15143"}],"wp:featuredmedia":[{"embeddable":true,"href":"https:\/\/encuentroinformativo.com.mx\/index.php?rest_route=\/wp\/v2\/media\/15141"}],"wp:attachment":[{"href":"https:\/\/encuentroinformativo.com.mx\/index.php?rest_route=%2Fwp%2Fv2%2Fmedia&parent=15140"}],"wp:term":[{"taxonomy":"category","embeddable":true,"href":"https:\/\/encuentroinformativo.com.mx\/index.php?rest_route=%2Fwp%2Fv2%2Fcategories&post=15140"},{"taxonomy":"post_tag","embeddable":true,"href":"https:\/\/encuentroinformativo.com.mx\/index.php?rest_route=%2Fwp%2Fv2%2Ftags&post=15140"}],"curies":[{"name":"wp","href":"https:\/\/api.w.org\/{rel}","templated":true}]}}