{"id":15144,"date":"2021-06-10T19:19:15","date_gmt":"2021-06-11T00:19:15","guid":{"rendered":"https:\/\/encuentroinformativo.com.mx\/?p=15144"},"modified":"2021-06-10T19:19:20","modified_gmt":"2021-06-11T00:19:20","slug":"felicita-alcalde-de-veracruz-a-diputados-morenistas","status":"publish","type":"post","link":"https:\/\/encuentroinformativo.com.mx\/?p=15144","title":{"rendered":"Felicita alcalde de Veracruz a diputados morenistas"},"content":{"rendered":"\n<p><strong>Alejandro \u00c1vila<\/strong><\/p>\n\n\n\n<p>Veracruz, Ver.- A trav\u00e9s de su cuenta de <em>Twitter<\/em>, el alcalde de Veracruz, Fernando Yunes M\u00e1rquez, mostr\u00f3 fotograf\u00edas de los diputados electos de MORENA a los cuales felicit\u00f3 y asegur\u00f3 tendr\u00e1n un aliado en su persona para trabajar por el municipio de Veracruz.<\/p>\n\n\n\n<p>El panista mostr\u00f3 la imagen del ganador del distrito local XIV, Fernando Arteaga Aponte, quien fue abanderado de la coalici\u00f3n &#8220;Juntos Haremos Historia&#8221; y a quien le escribio &#8220;cuente conmigo para trabajar por el bien de Veracruz&#8221;.<\/p>\n\n\n\n<p>Minutos antes, mostr\u00f3 la imagen de la ganadora por el distrito federal XII, la panista Mar\u00eda Josefina Gamboa Torales, &#8220;s\u00e9 que como lo has hecho hasta ahora, seguir\u00e1s trabajando por Veracruz y su gente&#8221;, le escribio.<\/p>\n\n\n\n<p>Tambi\u00e9n tuvo palabras para la diputada federal electa por el distrito IV, la morenista Rosa Mar\u00eda Hern\u00e1ndez Espejo, a quien el puso, &#8220;en mi encontrar\u00e1 siempre un aliado para sumar esfuerzos a favor de Veracruz&#8221;.<\/p>\n\n\n\n<p>Este jueves a las 19 horas, en la sede del OPLE ubicado en la calle D\u00edaz Arag\u00f3n, el ganador de la diputaci\u00f3n XV, el panista Miguel David Hermida Copado, recibe su constancia de mayor\u00eda.<\/p>\n","protected":false},"excerpt":{"rendered":"<p>Alejandro \u00c1vila Veracruz, Ver.- A trav\u00e9s de su cuenta de Twitter, el alcalde de Veracruz, Fernando Yunes M\u00e1rquez, mostr\u00f3 fotograf\u00edas de los diputados electos de MORENA a los cuales felicit\u00f3 y asegur\u00f3 tendr\u00e1n un aliado en su persona para trabajar por el municipio de Veracruz. El panista mostr\u00f3 la imagen del ganador del distrito local [&hellip;]<\/p>\n","protected":false},"author":1,"featured_media":15145,"comment_status":"open","ping_status":"open","sticky":false,"template":"","format":"standard","meta":{"_jetpack_memberships_contains_paid_content":false,"footnotes":""},"categories":[2],"tags":[],"class_list":["post-15144","post","type-post","status-publish","format-standard","has-post-thumbnail","hentry","category-estado"],"jetpack_featured_media_url":"https:\/\/encuentroinformativo.com.mx\/wp-content\/uploads\/2021\/06\/EB392510-1BD0-4914-9EE9-B08E29F8E9AC.jpeg","jetpack_sharing_enabled":true,"jetpack_likes_enabled":true,"amp_enabled":true,"_links":{"self":[{"href":"https:\/\/encuentroinformativo.com.mx\/index.php?rest_route=\/wp\/v2\/posts\/15144","targetHints":{"allow":["GET"]}}],"collection":[{"href":"https:\/\/encuentroinformativo.com.mx\/index.php?rest_route=\/wp\/v2\/posts"}],"about":[{"href":"https:\/\/encuentroinformativo.com.mx\/index.php?rest_route=\/wp\/v2\/types\/post"}],"author":[{"embeddable":true,"href":"https:\/\/encuentroinformativo.com.mx\/index.php?rest_route=\/wp\/v2\/users\/1"}],"replies":[{"embeddable":true,"href":"https:\/\/encuentroinformativo.com.mx\/index.php?rest_route=%2Fwp%2Fv2%2Fcomments&post=15144"}],"version-history":[{"count":1,"href":"https:\/\/encuentroinformativo.com.mx\/index.php?rest_route=\/wp\/v2\/posts\/15144\/revisions"}],"predecessor-version":[{"id":15146,"href":"https:\/\/encuentroinformativo.com.mx\/index.php?rest_route=\/wp\/v2\/posts\/15144\/revisions\/15146"}],"wp:featuredmedia":[{"embeddable":true,"href":"https:\/\/encuentroinformativo.com.mx\/index.php?rest_route=\/wp\/v2\/media\/15145"}],"wp:attachment":[{"href":"https:\/\/encuentroinformativo.com.mx\/index.php?rest_route=%2Fwp%2Fv2%2Fmedia&parent=15144"}],"wp:term":[{"taxonomy":"category","embeddable":true,"href":"https:\/\/encuentroinformativo.com.mx\/index.php?rest_route=%2Fwp%2Fv2%2Fcategories&post=15144"},{"taxonomy":"post_tag","embeddable":true,"href":"https:\/\/encuentroinformativo.com.mx\/index.php?rest_route=%2Fwp%2Fv2%2Ftags&post=15144"}],"curies":[{"name":"wp","href":"https:\/\/api.w.org\/{rel}","templated":true}]}}