{"id":15160,"date":"2021-06-11T09:46:18","date_gmt":"2021-06-11T14:46:18","guid":{"rendered":"https:\/\/encuentroinformativo.com.mx\/?p=15160"},"modified":"2021-06-11T09:46:22","modified_gmt":"2021-06-11T14:46:22","slug":"conteo-confirmo-triunfo-de-paty-lobeira","status":"publish","type":"post","link":"https:\/\/encuentroinformativo.com.mx\/?p=15160","title":{"rendered":"Conteo confirm\u00f3 triunfo de Paty Lobeira"},"content":{"rendered":"\n<p><strong>Alejandro \u00c1vila<\/strong><\/p>\n\n\n\n<p>Veracruz, Ver.- Alrededor del medio d\u00eda de este viernes se podr\u00eda entregar el acta de mayor\u00eda, que confirma el triunfo de Patricia Lobeira Rodr\u00edguez, de la alianza &#8220;Veracruz Va&#8221;.<\/p>\n\n\n\n<p>La madrugada de este viernes, casi a las 4 de la ma\u00f1ana se termin\u00f3 el conteo de los paquetes que iban a abrirse, en presencia de los representantes ante el OPLE de los partidos pol\u00edticos involucrados en la elecci\u00f3n del pasado 6 de junio.<\/p>\n\n\n\n<p>&nbsp;Ahora solo resta el papeleo de llenado de actas con base en el conteo final, por lo que ser\u00eda cerca de las 12 del medio d\u00eda cuando le entregen a Paty Lobeira de Yunes la constancia que la acredita como alcaldesa electa del municipio de Veracruz.<\/p>\n\n\n\n<p>En transmisi\u00f3n en vivo, el representante del PAN ante el OPLE, ubicado en el fraccionamiento Reforma, dio la noticia y festej\u00f3 junto con los militantes panistas que acamparon desde la madrugada del miercoles en la avenida Jos\u00e9 Mart\u00ed.<\/p>\n\n\n\n<p>A pesar de las denuncias de militantes y dirigentes de MORENA, se logr\u00f3 conocer que el resultado es similar, una diferencia de m\u00e1s de 4 mil votos entre el primero y segundo lugar.<\/p>\n","protected":false},"excerpt":{"rendered":"<p>Alejandro \u00c1vila Veracruz, Ver.- Alrededor del medio d\u00eda de este viernes se podr\u00eda entregar el acta de mayor\u00eda, que confirma el triunfo de Patricia Lobeira Rodr\u00edguez, de la alianza &#8220;Veracruz Va&#8221;. La madrugada de este viernes, casi a las 4 de la ma\u00f1ana se termin\u00f3 el conteo de los paquetes que iban a abrirse, en [&hellip;]<\/p>\n","protected":false},"author":1,"featured_media":14991,"comment_status":"open","ping_status":"open","sticky":false,"template":"","format":"standard","meta":{"_jetpack_memberships_contains_paid_content":false,"footnotes":""},"categories":[2],"tags":[],"class_list":["post-15160","post","type-post","status-publish","format-standard","has-post-thumbnail","hentry","category-estado"],"jetpack_featured_media_url":"https:\/\/encuentroinformativo.com.mx\/wp-content\/uploads\/2021\/06\/080EC04D-9D98-4673-9A45-9A3365A8206D.jpeg","jetpack_sharing_enabled":true,"jetpack_likes_enabled":true,"amp_enabled":true,"_links":{"self":[{"href":"https:\/\/encuentroinformativo.com.mx\/index.php?rest_route=\/wp\/v2\/posts\/15160","targetHints":{"allow":["GET"]}}],"collection":[{"href":"https:\/\/encuentroinformativo.com.mx\/index.php?rest_route=\/wp\/v2\/posts"}],"about":[{"href":"https:\/\/encuentroinformativo.com.mx\/index.php?rest_route=\/wp\/v2\/types\/post"}],"author":[{"embeddable":true,"href":"https:\/\/encuentroinformativo.com.mx\/index.php?rest_route=\/wp\/v2\/users\/1"}],"replies":[{"embeddable":true,"href":"https:\/\/encuentroinformativo.com.mx\/index.php?rest_route=%2Fwp%2Fv2%2Fcomments&post=15160"}],"version-history":[{"count":1,"href":"https:\/\/encuentroinformativo.com.mx\/index.php?rest_route=\/wp\/v2\/posts\/15160\/revisions"}],"predecessor-version":[{"id":15161,"href":"https:\/\/encuentroinformativo.com.mx\/index.php?rest_route=\/wp\/v2\/posts\/15160\/revisions\/15161"}],"wp:featuredmedia":[{"embeddable":true,"href":"https:\/\/encuentroinformativo.com.mx\/index.php?rest_route=\/wp\/v2\/media\/14991"}],"wp:attachment":[{"href":"https:\/\/encuentroinformativo.com.mx\/index.php?rest_route=%2Fwp%2Fv2%2Fmedia&parent=15160"}],"wp:term":[{"taxonomy":"category","embeddable":true,"href":"https:\/\/encuentroinformativo.com.mx\/index.php?rest_route=%2Fwp%2Fv2%2Fcategories&post=15160"},{"taxonomy":"post_tag","embeddable":true,"href":"https:\/\/encuentroinformativo.com.mx\/index.php?rest_route=%2Fwp%2Fv2%2Ftags&post=15160"}],"curies":[{"name":"wp","href":"https:\/\/api.w.org\/{rel}","templated":true}]}}