{"id":15171,"date":"2021-06-11T13:06:23","date_gmt":"2021-06-11T18:06:23","guid":{"rendered":"https:\/\/encuentroinformativo.com.mx\/?p=15171"},"modified":"2021-06-11T13:06:27","modified_gmt":"2021-06-11T18:06:27","slug":"realizaran-caravana-por-el-orgullo","status":"publish","type":"post","link":"https:\/\/encuentroinformativo.com.mx\/?p=15171","title":{"rendered":"Realizar\u00e1n  Caravana por el  Orgullo"},"content":{"rendered":"\n<p><strong>Dar\u00edo Pale<\/strong><\/p>\n\n\n\n<p>Xalapa, Ver.- Leonardo Ru\u00edz Moreno colaborador de &#8220;Orgullo Xalapa&#8221; Colectivo por los Derechos Humanos de la LGBTTTIQ, dio a conocer que van a realizar una Caravana por el Orgullo&#8221; y dos pintas del paso de cebra en los cruces peatonales, adem\u00e1s de que contar\u00e1n un diputado de la diversidad sexual.<\/p>\n\n\n\n<p>En conferencia de prensa realizada en conocido caf\u00e9 del centro de Xalapa, se\u00f1al\u00f3 que la pinta la realizar\u00e1n el domingo a las 9 de la noche en dos pasos peatonales con la bandera del orgullo Gay lo cual se realizar\u00e1 por segunda ocasi\u00f3n y aclar\u00f3 que esto no violenta ninguna ley.<\/p>\n\n\n\n<p>Dentro de la semana de la diversidad sexual realizar\u00e1n foros y talleres, las cuales ser\u00e1n transmitidas en redes sociales, y realizar\u00e1n la caravana n\u00famero 15 el d\u00eda 19 de junio a las 18:00 horas, la cual saldr\u00e1 del pante\u00f3n Palo Verde hasta llegar a la plaza Lerdo donde contar\u00e1n con algunos grupos de M\u00e9xico.<\/p>\n\n\n\n<p>En otro orden de ideas lament\u00f3 que Veracruz contin\u00faa siendo segundo lugar en cr\u00edmenes de odio, pero la comunidad m\u00e1s afectada es la comunidad trans y estos trabajos son dedicados a todos aquellos que ya no est\u00e1n y para los que no pueden hablar.<\/p>\n\n\n\n<p>En cuanto a la conformaci\u00f3n de la nueva legislatura por los rezagos que existe en varios temas se\u00f1al\u00f3 que estar\u00e1n presion\u00e1ndolos para llevar las iniciativas que propusieron y que ellos firmaron no s\u00f3lo los candidatos si no que tambi\u00e9n los partidos que se presentaron.<\/p>\n\n\n\n<p>Finalmente dio a conocer que los diputados de Morena se han visto opacos y lamentan que esto suceda pero afortunadamente un integrante de la comunidad logr\u00f3 una diputaci\u00f3n por la v\u00eda plurinominal en el puerto de Veracruz y trabajar\u00e1n con el como aliado de la diversidad sexual.<\/p>\n","protected":false},"excerpt":{"rendered":"<p>Dar\u00edo Pale Xalapa, Ver.- Leonardo Ru\u00edz Moreno colaborador de &#8220;Orgullo Xalapa&#8221; Colectivo por los Derechos Humanos de la LGBTTTIQ, dio a conocer que van a realizar una Caravana por el Orgullo&#8221; y dos pintas del paso de cebra en los cruces peatonales, adem\u00e1s de que contar\u00e1n un diputado de la diversidad sexual. En conferencia de [&hellip;]<\/p>\n","protected":false},"author":1,"featured_media":15172,"comment_status":"open","ping_status":"open","sticky":false,"template":"","format":"standard","meta":{"_jetpack_memberships_contains_paid_content":false,"footnotes":""},"categories":[3],"tags":[],"class_list":["post-15171","post","type-post","status-publish","format-standard","has-post-thumbnail","hentry","category-xalapa"],"jetpack_featured_media_url":"https:\/\/encuentroinformativo.com.mx\/wp-content\/uploads\/2021\/06\/1140FB80-86C5-4EE9-B467-BA1F99DD387E.jpeg","jetpack_sharing_enabled":true,"jetpack_likes_enabled":true,"amp_enabled":true,"_links":{"self":[{"href":"https:\/\/encuentroinformativo.com.mx\/index.php?rest_route=\/wp\/v2\/posts\/15171","targetHints":{"allow":["GET"]}}],"collection":[{"href":"https:\/\/encuentroinformativo.com.mx\/index.php?rest_route=\/wp\/v2\/posts"}],"about":[{"href":"https:\/\/encuentroinformativo.com.mx\/index.php?rest_route=\/wp\/v2\/types\/post"}],"author":[{"embeddable":true,"href":"https:\/\/encuentroinformativo.com.mx\/index.php?rest_route=\/wp\/v2\/users\/1"}],"replies":[{"embeddable":true,"href":"https:\/\/encuentroinformativo.com.mx\/index.php?rest_route=%2Fwp%2Fv2%2Fcomments&post=15171"}],"version-history":[{"count":1,"href":"https:\/\/encuentroinformativo.com.mx\/index.php?rest_route=\/wp\/v2\/posts\/15171\/revisions"}],"predecessor-version":[{"id":15173,"href":"https:\/\/encuentroinformativo.com.mx\/index.php?rest_route=\/wp\/v2\/posts\/15171\/revisions\/15173"}],"wp:featuredmedia":[{"embeddable":true,"href":"https:\/\/encuentroinformativo.com.mx\/index.php?rest_route=\/wp\/v2\/media\/15172"}],"wp:attachment":[{"href":"https:\/\/encuentroinformativo.com.mx\/index.php?rest_route=%2Fwp%2Fv2%2Fmedia&parent=15171"}],"wp:term":[{"taxonomy":"category","embeddable":true,"href":"https:\/\/encuentroinformativo.com.mx\/index.php?rest_route=%2Fwp%2Fv2%2Fcategories&post=15171"},{"taxonomy":"post_tag","embeddable":true,"href":"https:\/\/encuentroinformativo.com.mx\/index.php?rest_route=%2Fwp%2Fv2%2Ftags&post=15171"}],"curies":[{"name":"wp","href":"https:\/\/api.w.org\/{rel}","templated":true}]}}