{"id":1520,"date":"2020-04-01T17:14:48","date_gmt":"2020-04-01T23:14:48","guid":{"rendered":"https:\/\/encuentroinformativo.com\/?p=1520"},"modified":"2020-04-01T17:14:50","modified_gmt":"2020-04-01T23:14:50","slug":"sindicatos-demandan-no-reducir-recursos-para-universidades","status":"publish","type":"post","link":"https:\/\/encuentroinformativo.com.mx\/?p=1520","title":{"rendered":"Sindicatos demandan no reducir recursos para universidades"},"content":{"rendered":"\n<p><strong>Dar\u00edo Pale<\/strong><\/p>\n\n\n\n<p>Xalapa, Ver.- Esperan que debido a la emergencia sanitaria por el\nCovid-19, el Gobierno de M\u00e9xico no vaya a recortar recursos para las\nuniversidades p\u00fablicas del pa\u00eds, as\u00ed lo se\u00f1al\u00f3 el secretario general de la\nFESAPAUV y de la Confederaci\u00f3n Nacional de Trabajadores Universitarios (CONTU),\nEnrique Levet Gorozpe.<\/p>\n\n\n\n<p>En entrevista coment\u00f3: \u201cYo espero que no vaya a haber recortes a los\nprogramas sociales, donde se incluya el recurso para las universidades p\u00fablicas,\nesperemos que no suceda, ya en otros a\u00f1os ha sucedido, cuando hay recortes al\npresupuesto porque no alcanza, luego recortan parejo y pasan a rasurar a la\neducaci\u00f3n y desde luego a las universidades\u201d.<\/p>\n\n\n\n<p>Por lo anterior el dirigente de los acad\u00e9micos universitarios manifest\u00f3\nque espera que no suceda nada ya que, el presidente de la Rep\u00fablica, Andr\u00e9s\nManuel L\u00f3pez Obrador, ya dijo que tiene m\u00e1s de 400 mil millones de pesos para\nla emergencia.<\/p>\n\n\n\n<p>\u201cEntonces si ese dinero existe, seguramente de ah\u00ed va a salir todo lo\nque representar\u00eda el impacto financiero de la contingencia\u201d, se\u00f1al\u00f3.<\/p>\n\n\n\n<p>Finalmente cabe se\u00f1alar que en octubre del a\u00f1o pasado alrededor de 25\nuniversidades pararon labores en demanda de recursos por 5 mil millones de\npesos que hac\u00edan falta para el pago de salarios, adem\u00e1s de que se dotaran de\nrecursos extraordinarios para la crisis de unas 9 instituciones de educaci\u00f3n\np\u00fablica superior y lograran pagar prestaciones de fin de a\u00f1o.<\/p>\n","protected":false},"excerpt":{"rendered":"<p>Dar\u00edo Pale Xalapa, Ver.- Esperan que debido a la emergencia sanitaria por el Covid-19, el Gobierno de M\u00e9xico no vaya a recortar recursos para las universidades p\u00fablicas del pa\u00eds, as\u00ed lo se\u00f1al\u00f3 el secretario general de la FESAPAUV y de la Confederaci\u00f3n Nacional de Trabajadores Universitarios (CONTU), Enrique Levet Gorozpe. En entrevista coment\u00f3: \u201cYo espero [&hellip;]<\/p>\n","protected":false},"author":1,"featured_media":1352,"comment_status":"open","ping_status":"open","sticky":false,"template":"","format":"standard","meta":{"_jetpack_memberships_contains_paid_content":false,"footnotes":""},"categories":[3],"tags":[],"class_list":["post-1520","post","type-post","status-publish","format-standard","has-post-thumbnail","hentry","category-xalapa"],"jetpack_featured_media_url":"https:\/\/encuentroinformativo.com.mx\/wp-content\/uploads\/2020\/03\/F2C9E370-217E-421F-939B-979CEC2C81B9.jpeg","jetpack_sharing_enabled":true,"jetpack_likes_enabled":true,"amp_enabled":true,"_links":{"self":[{"href":"https:\/\/encuentroinformativo.com.mx\/index.php?rest_route=\/wp\/v2\/posts\/1520","targetHints":{"allow":["GET"]}}],"collection":[{"href":"https:\/\/encuentroinformativo.com.mx\/index.php?rest_route=\/wp\/v2\/posts"}],"about":[{"href":"https:\/\/encuentroinformativo.com.mx\/index.php?rest_route=\/wp\/v2\/types\/post"}],"author":[{"embeddable":true,"href":"https:\/\/encuentroinformativo.com.mx\/index.php?rest_route=\/wp\/v2\/users\/1"}],"replies":[{"embeddable":true,"href":"https:\/\/encuentroinformativo.com.mx\/index.php?rest_route=%2Fwp%2Fv2%2Fcomments&post=1520"}],"version-history":[{"count":1,"href":"https:\/\/encuentroinformativo.com.mx\/index.php?rest_route=\/wp\/v2\/posts\/1520\/revisions"}],"predecessor-version":[{"id":1521,"href":"https:\/\/encuentroinformativo.com.mx\/index.php?rest_route=\/wp\/v2\/posts\/1520\/revisions\/1521"}],"wp:featuredmedia":[{"embeddable":true,"href":"https:\/\/encuentroinformativo.com.mx\/index.php?rest_route=\/wp\/v2\/media\/1352"}],"wp:attachment":[{"href":"https:\/\/encuentroinformativo.com.mx\/index.php?rest_route=%2Fwp%2Fv2%2Fmedia&parent=1520"}],"wp:term":[{"taxonomy":"category","embeddable":true,"href":"https:\/\/encuentroinformativo.com.mx\/index.php?rest_route=%2Fwp%2Fv2%2Fcategories&post=1520"},{"taxonomy":"post_tag","embeddable":true,"href":"https:\/\/encuentroinformativo.com.mx\/index.php?rest_route=%2Fwp%2Fv2%2Ftags&post=1520"}],"curies":[{"name":"wp","href":"https:\/\/api.w.org\/{rel}","templated":true}]}}