{"id":15218,"date":"2021-06-12T12:00:24","date_gmt":"2021-06-12T17:00:24","guid":{"rendered":"https:\/\/encuentroinformativo.com.mx\/?p=15218"},"modified":"2021-06-12T12:00:29","modified_gmt":"2021-06-12T17:00:29","slug":"en-2019-jorge-n-habia-sido-denunciado-por-invasion","status":"publish","type":"post","link":"https:\/\/encuentroinformativo.com.mx\/?p=15218","title":{"rendered":"En 2019 Jorge \u201cN&#8221; hab\u00eda sido denunciado por invasi\u00f3n"},"content":{"rendered":"\n<p><strong>Alejandro \u00c1vila<\/strong><\/p>\n\n\n\n<p>Boca del R\u00edo, Ver.- A finales de 2019, el ex futbolista argentino de los Tiburones Rojos de Veracruz y quien ahora enfrenta un proceso penal por diversos delitos, entre ellos, violencia f\u00edsica y psicol\u00f3gica en contra de 3 mujeres, hab\u00eda sido denunciado por un vecino de nacionalidad alemana, por invasi\u00f3n a propiedad, robo y da\u00f1os a bienes inmuebles.<\/p>\n\n\n\n<p>La relator\u00eda de los hechos, se\u00f1ala que la ma\u00f1ana del 12 de septiembre la persona que hace la limpieza del departamento 8, lleg\u00f3 al inmueble y se percat\u00f3 que el ventanal del balc\u00f3n se encontraba roto, de la misma forma el cierre de la ventana del ba\u00f1o violentado, los cojines de los muebles picados y faltaba televisi\u00f3n de la sala.<\/p>\n\n\n\n<p>La administradora del edificio dio aviso a la Polic\u00eda Naval de los hechos y esta levant\u00f3 la denuncia dando parte a la Fiscal\u00eda General del Estado, con base en el municipio de Boca del R\u00edo, resaltando que la denuncia oficial la tendr\u00eda que refrendar el due\u00f1o del departamento, para abrir la carpeta de investigaci\u00f3n y dar seguimiento al caso.<\/p>\n\n\n\n<p>D\u00edas despu\u00e9s, el due\u00f1o del departamento, un sujeto de nacionalidad alemana que vive fuera de la ciudad, acudi\u00f3 a la FGE de Boca del R\u00edo y present\u00f3 las pruebas en video de las c\u00e1maras de vigilancia, donde se aprecia como el ex futbolista argentino, Jorge Alberto &#8220;N&#8221; -hoy recluido en el &#8220;Penalito&#8221; y en espera audiencias por 5 delitos-, pica con un cuchillo los cojines de la sala y cocina, y adem\u00e1s, se roba una televisi\u00f3n pantalla plana de 43 pulgadas.<\/p>\n\n\n\n<p>En aquella ocasi\u00f3n, el denunciante advierte que, Jorge Alberto &#8220;N&#8221; siembre terror psicol\u00f3gico a sus vecinos, pues adem\u00e1s de poncharles llantas, aventarles piedras a las personas y sus casas, cuando alguien lo increpaba, aseguraba conocer personas que le ayudar\u00edan a terminar el pleito de manera &#8220;definitiva&#8221;.<\/p>\n","protected":false},"excerpt":{"rendered":"<p>Alejandro \u00c1vila Boca del R\u00edo, Ver.- A finales de 2019, el ex futbolista argentino de los Tiburones Rojos de Veracruz y quien ahora enfrenta un proceso penal por diversos delitos, entre ellos, violencia f\u00edsica y psicol\u00f3gica en contra de 3 mujeres, hab\u00eda sido denunciado por un vecino de nacionalidad alemana, por invasi\u00f3n a propiedad, robo [&hellip;]<\/p>\n","protected":false},"author":1,"featured_media":15219,"comment_status":"open","ping_status":"open","sticky":false,"template":"","format":"standard","meta":{"_jetpack_memberships_contains_paid_content":false,"footnotes":""},"categories":[2],"tags":[],"class_list":["post-15218","post","type-post","status-publish","format-standard","has-post-thumbnail","hentry","category-estado"],"jetpack_featured_media_url":"https:\/\/encuentroinformativo.com.mx\/wp-content\/uploads\/2021\/06\/3C0F9151-1AFD-44DB-8AF5-A64B507B285E.jpeg","jetpack_sharing_enabled":true,"jetpack_likes_enabled":true,"amp_enabled":true,"_links":{"self":[{"href":"https:\/\/encuentroinformativo.com.mx\/index.php?rest_route=\/wp\/v2\/posts\/15218","targetHints":{"allow":["GET"]}}],"collection":[{"href":"https:\/\/encuentroinformativo.com.mx\/index.php?rest_route=\/wp\/v2\/posts"}],"about":[{"href":"https:\/\/encuentroinformativo.com.mx\/index.php?rest_route=\/wp\/v2\/types\/post"}],"author":[{"embeddable":true,"href":"https:\/\/encuentroinformativo.com.mx\/index.php?rest_route=\/wp\/v2\/users\/1"}],"replies":[{"embeddable":true,"href":"https:\/\/encuentroinformativo.com.mx\/index.php?rest_route=%2Fwp%2Fv2%2Fcomments&post=15218"}],"version-history":[{"count":1,"href":"https:\/\/encuentroinformativo.com.mx\/index.php?rest_route=\/wp\/v2\/posts\/15218\/revisions"}],"predecessor-version":[{"id":15220,"href":"https:\/\/encuentroinformativo.com.mx\/index.php?rest_route=\/wp\/v2\/posts\/15218\/revisions\/15220"}],"wp:featuredmedia":[{"embeddable":true,"href":"https:\/\/encuentroinformativo.com.mx\/index.php?rest_route=\/wp\/v2\/media\/15219"}],"wp:attachment":[{"href":"https:\/\/encuentroinformativo.com.mx\/index.php?rest_route=%2Fwp%2Fv2%2Fmedia&parent=15218"}],"wp:term":[{"taxonomy":"category","embeddable":true,"href":"https:\/\/encuentroinformativo.com.mx\/index.php?rest_route=%2Fwp%2Fv2%2Fcategories&post=15218"},{"taxonomy":"post_tag","embeddable":true,"href":"https:\/\/encuentroinformativo.com.mx\/index.php?rest_route=%2Fwp%2Fv2%2Ftags&post=15218"}],"curies":[{"name":"wp","href":"https:\/\/api.w.org\/{rel}","templated":true}]}}