{"id":15225,"date":"2021-06-12T13:29:54","date_gmt":"2021-06-12T18:29:54","guid":{"rendered":"https:\/\/encuentroinformativo.com.mx\/?p=15225"},"modified":"2021-06-12T13:29:57","modified_gmt":"2021-06-12T18:29:57","slug":"pobladores-demandan-eleccion-extraordinaria-en-landero-y-coss","status":"publish","type":"post","link":"https:\/\/encuentroinformativo.com.mx\/?p=15225","title":{"rendered":"Pobladores demandan elecci\u00f3n extraordinaria en Landero y Coss"},"content":{"rendered":"\n<p><strong>Dar\u00edo Pale <\/strong><\/p>\n\n\n\n<p>Xalapa, Ver.- El candidato a la presidencia municipal de Landero y Coss por el partido Todos por Veracruz Pablo Dom\u00ednguez  Mart\u00ednez dio a conocer que est\u00e1n solicitando una elecci\u00f3n extraordinaria ya que seg\u00fan argumentan existe empate t\u00e9cnico en la pasada elecci\u00f3n del 6 de junio.<\/p>\n\n\n\n<p>En conferencia de prensa realizada en conocido caf\u00e9 del centro de Xalapa, acompa\u00f1ado de habitantes de dicho municipio se\u00f1al\u00f3 que est\u00e1n solicitando a las instituciones correspondientes una elecci\u00f3n extraordinaria ya que hubo un empate en el c\u00f3mputo del d\u00eda 6 de junio y muchos est\u00e1n inconformes por el resultado.<\/p>\n\n\n\n<p>Se\u00f1al\u00f3 que el pueblo est\u00e1 inconforme por las irregularidades que est\u00e1 cometiendo la actual administraci\u00f3n municipal ya que son del PAN y apoyan la coalici\u00f3n Va por Veracruz de la coalici\u00f3n PAN, PRI, PRD, y los dos obtuvieron la misma votaci\u00f3n de 583 votos por lo que el d\u00eda de ayer solicitaron mediante un oficio la OPLE una elecci\u00f3n extraordinaria.<\/p>\n\n\n\n<p>&#8220;En el c\u00f3mputo del domingo 6 salimos arriba con un voto pero ya ver\u00e9 qu\u00e9 la ley marca un nuevo conteo y ah\u00ed es donde sali\u00f3 el empate pero los compa\u00f1eros no quieren nuevas elecciones, entonces nosotros estamos solicitando eso&#8221;, coment\u00f3.<\/p>\n\n\n\n<p>Las irregularidades que se\u00f1ala son que hubo mucho turismo electoral ya que llegaron a vivir a ese municipio mucha gente que no radica ah\u00ed, para apoyar a la candidata Xochil Dominguez Rosado, de la coalici\u00f3n PAN, PRI, PRD.<\/p>\n\n\n\n<p>Finalmente se\u00f1al\u00f3 que de no ser atendidos los habitantes podr\u00edan manifestarse en la capital del estado para que les resuelvan y se realice otra elecci\u00f3n pese a que los integrantes de la coalici\u00f3n no quieren que se haga otra elecci\u00f3n.<\/p>\n","protected":false},"excerpt":{"rendered":"<p>Dar\u00edo Pale Xalapa, Ver.- El candidato a la presidencia municipal de Landero y Coss por el partido Todos por Veracruz Pablo Dom\u00ednguez Mart\u00ednez dio a conocer que est\u00e1n solicitando una elecci\u00f3n extraordinaria ya que seg\u00fan argumentan existe empate t\u00e9cnico en la pasada elecci\u00f3n del 6 de junio. En conferencia de prensa realizada en conocido caf\u00e9 [&hellip;]<\/p>\n","protected":false},"author":1,"featured_media":15226,"comment_status":"open","ping_status":"open","sticky":false,"template":"","format":"standard","meta":{"_jetpack_memberships_contains_paid_content":false,"footnotes":""},"categories":[2],"tags":[],"class_list":["post-15225","post","type-post","status-publish","format-standard","has-post-thumbnail","hentry","category-estado"],"jetpack_featured_media_url":"https:\/\/encuentroinformativo.com.mx\/wp-content\/uploads\/2021\/06\/A151B16D-1328-407D-A4EF-CFBA0ABF7574.jpeg","jetpack_sharing_enabled":true,"jetpack_likes_enabled":true,"amp_enabled":true,"_links":{"self":[{"href":"https:\/\/encuentroinformativo.com.mx\/index.php?rest_route=\/wp\/v2\/posts\/15225","targetHints":{"allow":["GET"]}}],"collection":[{"href":"https:\/\/encuentroinformativo.com.mx\/index.php?rest_route=\/wp\/v2\/posts"}],"about":[{"href":"https:\/\/encuentroinformativo.com.mx\/index.php?rest_route=\/wp\/v2\/types\/post"}],"author":[{"embeddable":true,"href":"https:\/\/encuentroinformativo.com.mx\/index.php?rest_route=\/wp\/v2\/users\/1"}],"replies":[{"embeddable":true,"href":"https:\/\/encuentroinformativo.com.mx\/index.php?rest_route=%2Fwp%2Fv2%2Fcomments&post=15225"}],"version-history":[{"count":1,"href":"https:\/\/encuentroinformativo.com.mx\/index.php?rest_route=\/wp\/v2\/posts\/15225\/revisions"}],"predecessor-version":[{"id":15227,"href":"https:\/\/encuentroinformativo.com.mx\/index.php?rest_route=\/wp\/v2\/posts\/15225\/revisions\/15227"}],"wp:featuredmedia":[{"embeddable":true,"href":"https:\/\/encuentroinformativo.com.mx\/index.php?rest_route=\/wp\/v2\/media\/15226"}],"wp:attachment":[{"href":"https:\/\/encuentroinformativo.com.mx\/index.php?rest_route=%2Fwp%2Fv2%2Fmedia&parent=15225"}],"wp:term":[{"taxonomy":"category","embeddable":true,"href":"https:\/\/encuentroinformativo.com.mx\/index.php?rest_route=%2Fwp%2Fv2%2Fcategories&post=15225"},{"taxonomy":"post_tag","embeddable":true,"href":"https:\/\/encuentroinformativo.com.mx\/index.php?rest_route=%2Fwp%2Fv2%2Ftags&post=15225"}],"curies":[{"name":"wp","href":"https:\/\/api.w.org\/{rel}","templated":true}]}}