{"id":15238,"date":"2021-06-13T19:04:25","date_gmt":"2021-06-14T00:04:25","guid":{"rendered":"https:\/\/encuentroinformativo.com.mx\/?p=15238"},"modified":"2021-06-13T19:04:29","modified_gmt":"2021-06-14T00:04:29","slug":"balean-a-representante-del-pt-en-misantla","status":"publish","type":"post","link":"https:\/\/encuentroinformativo.com.mx\/?p=15238","title":{"rendered":"Balean a representante del PT en Misantla"},"content":{"rendered":"\n<p><strong>Juan Arcos <\/strong><\/p>\n\n\n\n<p>Xalapa, Ver.- Celso \u201cN\u201d, representante del Partido del Trabajo (PT) en el municipio de Misantla, fue baleado y trasladado v\u00eda a\u00e9rea a un hospital de Xalapa, la capital del estado, por la gravedad de sus lesiones.<\/p>\n\n\n\n<p>El petista se encontraba en dicha demarcaci\u00f3n, ubicada en la regi\u00f3n monta\u00f1osa de la zona centro de Veracruz, cuando un sujeto descendi\u00f3 de su autom\u00f3vil para acercarse a \u00e9l, dispararle varias veces y posteriormente huir.<\/p>\n\n\n\n<p>Por tal motivo, un helic\u00f3ptero de la Fuerza Civil, mismo que aterriz\u00f3 en la unidad deportiva &#8220;El Zotuco&#8221;, lo traslad\u00f3 al Centro de Alta Especialidad (CAE) \u201cDoctor Rafael Lucio\u201d, para recibir una mejor atenci\u00f3n m\u00e9dica.<\/p>\n\n\n\n<p>Misantla carece de instalaciones de alta especialidad m\u00e9dica para atender dichos casos. Adem\u00e1s, Celso \u201cN\u201d fue reportado como grave por el ataque armado del que fue v\u00edctima.<\/p>\n\n\n\n<p>Fuerzas de seguridad desplegaron un amplio operativo en la zona y se iniciaron las investigaciones correspondientes para dar con el paradero del agresor.<\/p>\n\n\n\n<p>Sin embargo, hasta el momento, ninguna autoridad se ha pronunciado al respecto ni ha informado sobre la detenci\u00f3n del presunto responsable del ataque.<\/p>\n\n\n\n<p>Cabe recordar que durante la jornada electoral del pasado 6 de junio, se report\u00f3 una persona baleada en el municipio de Misantla.\u00a0<br>En aquella ocasi\u00f3n, de acuerdo con testigos, seis personas armadas arribaron a la comunidad Arroyo Fr\u00edo, donde se hicieron de palabras con el agente municipal Sabino Jim\u00e9nez, por lo que su hijo Celso Jim\u00e9nez, representante del Movimiento de Regeneraci\u00f3n Nacional (Morena), intervino para defenderlo.<\/p>\n\n\n\n<p>Sin embargo, comenzaron a empujarse y lo golpearon con la cacha de un arma de fuego, para posteriormente dispararle en el abdomen. De inmediato, fue trasladado al Hospital Regional de Misantla, donde se hab\u00eda reportado estable.<\/p>\n","protected":false},"excerpt":{"rendered":"<p>Juan Arcos Xalapa, Ver.- Celso \u201cN\u201d, representante del Partido del Trabajo (PT) en el municipio de Misantla, fue baleado y trasladado v\u00eda a\u00e9rea a un hospital de Xalapa, la capital del estado, por la gravedad de sus lesiones. El petista se encontraba en dicha demarcaci\u00f3n, ubicada en la regi\u00f3n monta\u00f1osa de la zona centro de [&hellip;]<\/p>\n","protected":false},"author":1,"featured_media":15239,"comment_status":"open","ping_status":"open","sticky":false,"template":"","format":"standard","meta":{"_jetpack_memberships_contains_paid_content":false,"footnotes":""},"categories":[2],"tags":[],"class_list":["post-15238","post","type-post","status-publish","format-standard","has-post-thumbnail","hentry","category-estado"],"jetpack_featured_media_url":"https:\/\/encuentroinformativo.com.mx\/wp-content\/uploads\/2021\/06\/7C16D3D2-E51A-48FA-B5FB-469C8A7B7CF8.jpeg","jetpack_sharing_enabled":true,"jetpack_likes_enabled":true,"amp_enabled":true,"_links":{"self":[{"href":"https:\/\/encuentroinformativo.com.mx\/index.php?rest_route=\/wp\/v2\/posts\/15238","targetHints":{"allow":["GET"]}}],"collection":[{"href":"https:\/\/encuentroinformativo.com.mx\/index.php?rest_route=\/wp\/v2\/posts"}],"about":[{"href":"https:\/\/encuentroinformativo.com.mx\/index.php?rest_route=\/wp\/v2\/types\/post"}],"author":[{"embeddable":true,"href":"https:\/\/encuentroinformativo.com.mx\/index.php?rest_route=\/wp\/v2\/users\/1"}],"replies":[{"embeddable":true,"href":"https:\/\/encuentroinformativo.com.mx\/index.php?rest_route=%2Fwp%2Fv2%2Fcomments&post=15238"}],"version-history":[{"count":1,"href":"https:\/\/encuentroinformativo.com.mx\/index.php?rest_route=\/wp\/v2\/posts\/15238\/revisions"}],"predecessor-version":[{"id":15240,"href":"https:\/\/encuentroinformativo.com.mx\/index.php?rest_route=\/wp\/v2\/posts\/15238\/revisions\/15240"}],"wp:featuredmedia":[{"embeddable":true,"href":"https:\/\/encuentroinformativo.com.mx\/index.php?rest_route=\/wp\/v2\/media\/15239"}],"wp:attachment":[{"href":"https:\/\/encuentroinformativo.com.mx\/index.php?rest_route=%2Fwp%2Fv2%2Fmedia&parent=15238"}],"wp:term":[{"taxonomy":"category","embeddable":true,"href":"https:\/\/encuentroinformativo.com.mx\/index.php?rest_route=%2Fwp%2Fv2%2Fcategories&post=15238"},{"taxonomy":"post_tag","embeddable":true,"href":"https:\/\/encuentroinformativo.com.mx\/index.php?rest_route=%2Fwp%2Fv2%2Ftags&post=15238"}],"curies":[{"name":"wp","href":"https:\/\/api.w.org\/{rel}","templated":true}]}}