{"id":15241,"date":"2021-06-13T17:05:56","date_gmt":"2021-06-13T22:05:56","guid":{"rendered":"https:\/\/encuentroinformativo.com.mx\/?p=15241"},"modified":"2021-06-13T19:13:40","modified_gmt":"2021-06-14T00:13:40","slug":"reanudan-en-julio-programas-sociales","status":"publish","type":"post","link":"https:\/\/encuentroinformativo.com.mx\/?p=15241","title":{"rendered":"Reanudan en julio programas sociales"},"content":{"rendered":"\n<p><strong>Juan Arcos <\/strong><\/p>\n\n\n\n<p>Xalapa, Ver.- En julio pr\u00f3ximo regresar\u00e1n a su operaci\u00f3n los programas sociales federales, revel\u00f3 el delegado de programas federales en Veracruz, Manuel Huerta ladr\u00f3n de Guevara.<\/p>\n\n\n\n<p>El funcionario federal indic\u00f3 que despu\u00e9s de la veda electoral los grupos vulnerables continuar\u00e1n recibiendo los apoyos correspondientes.<\/p>\n\n\n\n<p>Se trata de las pensiones para adultos mayores y personas con discapacidad, as\u00ed como tambi\u00e9n, las becas Benito Ju\u00e1rez.<\/p>\n\n\n\n<p>Tambi\u00e9n coment\u00f3 que dichos apoyos podr\u00edan registrar un incremento en las pr\u00f3ximas semanas, en beneficio de los sectores mencionados.<\/p>\n\n\n\n<p>\u201cEstaremos pagando pensiones de adultos mayores, pensiones de personas con discapacidad, inclusive ya con aumentos como se dijo antes y vamos a ir gradualmente aumentando\u201d, expres\u00f3.<\/p>\n\n\n\n<p>Huerta Ladr\u00f3n de Guevara inform\u00f3 que en esos programas tambi\u00e9n ser\u00edan incorporadas adultos de 65 a\u00f1os, de manera paulatina.<\/p>\n\n\n\n<p>Adem\u00e1s, record\u00f3 que, el siguiente mes, el presidente de la Rep\u00fablica Mexicana, Andr\u00e9s Manuel L\u00f3pez Obrador, visitar\u00e1 la zona norte del estado para supervisar el avance de la carretera Cardel-Poza Rica, donde realizar\u00eda anuncios importantes en beneficio del pueblo.<\/p>\n\n\n\n<p>\u201cVamos a empezar la incorporaci\u00f3n de los de 65 en adelante. En el mes de julio el presidente viene el d\u00eda 18 aqu\u00ed cerca en la carretera Cardel-Poza Rica\u201d, apunt\u00f3.<\/p>\n","protected":false},"excerpt":{"rendered":"<p>Juan Arcos Xalapa, Ver.- En julio pr\u00f3ximo regresar\u00e1n a su operaci\u00f3n los programas sociales federales, revel\u00f3 el delegado de programas federales en Veracruz, Manuel Huerta ladr\u00f3n de Guevara. El funcionario federal indic\u00f3 que despu\u00e9s de la veda electoral los grupos vulnerables continuar\u00e1n recibiendo los apoyos correspondientes. Se trata de las pensiones para adultos mayores y [&hellip;]<\/p>\n","protected":false},"author":1,"featured_media":15242,"comment_status":"open","ping_status":"open","sticky":false,"template":"","format":"standard","meta":{"_jetpack_memberships_contains_paid_content":false,"footnotes":""},"categories":[2],"tags":[],"class_list":["post-15241","post","type-post","status-publish","format-standard","has-post-thumbnail","hentry","category-estado"],"jetpack_featured_media_url":"https:\/\/encuentroinformativo.com.mx\/wp-content\/uploads\/2021\/06\/477CE041-7453-4FD2-9DEB-DD961AFD41F8.jpeg","jetpack_sharing_enabled":true,"jetpack_likes_enabled":true,"amp_enabled":true,"_links":{"self":[{"href":"https:\/\/encuentroinformativo.com.mx\/index.php?rest_route=\/wp\/v2\/posts\/15241","targetHints":{"allow":["GET"]}}],"collection":[{"href":"https:\/\/encuentroinformativo.com.mx\/index.php?rest_route=\/wp\/v2\/posts"}],"about":[{"href":"https:\/\/encuentroinformativo.com.mx\/index.php?rest_route=\/wp\/v2\/types\/post"}],"author":[{"embeddable":true,"href":"https:\/\/encuentroinformativo.com.mx\/index.php?rest_route=\/wp\/v2\/users\/1"}],"replies":[{"embeddable":true,"href":"https:\/\/encuentroinformativo.com.mx\/index.php?rest_route=%2Fwp%2Fv2%2Fcomments&post=15241"}],"version-history":[{"count":1,"href":"https:\/\/encuentroinformativo.com.mx\/index.php?rest_route=\/wp\/v2\/posts\/15241\/revisions"}],"predecessor-version":[{"id":15243,"href":"https:\/\/encuentroinformativo.com.mx\/index.php?rest_route=\/wp\/v2\/posts\/15241\/revisions\/15243"}],"wp:featuredmedia":[{"embeddable":true,"href":"https:\/\/encuentroinformativo.com.mx\/index.php?rest_route=\/wp\/v2\/media\/15242"}],"wp:attachment":[{"href":"https:\/\/encuentroinformativo.com.mx\/index.php?rest_route=%2Fwp%2Fv2%2Fmedia&parent=15241"}],"wp:term":[{"taxonomy":"category","embeddable":true,"href":"https:\/\/encuentroinformativo.com.mx\/index.php?rest_route=%2Fwp%2Fv2%2Fcategories&post=15241"},{"taxonomy":"post_tag","embeddable":true,"href":"https:\/\/encuentroinformativo.com.mx\/index.php?rest_route=%2Fwp%2Fv2%2Ftags&post=15241"}],"curies":[{"name":"wp","href":"https:\/\/api.w.org\/{rel}","templated":true}]}}