{"id":15248,"date":"2021-06-13T18:28:34","date_gmt":"2021-06-13T23:28:34","guid":{"rendered":"https:\/\/encuentroinformativo.com.mx\/?p=15248"},"modified":"2021-06-13T19:48:57","modified_gmt":"2021-06-14T00:48:57","slug":"comerciantes-piden-reparacion-de-calle-ebano","status":"publish","type":"post","link":"https:\/\/encuentroinformativo.com.mx\/?p=15248","title":{"rendered":"Comerciantes piden reparaci\u00f3n de calle \u00c9bano"},"content":{"rendered":"\n<p><strong>Juan Arcos <\/strong><\/p>\n\n\n\n<p>Xalapa, Ver.- Vecinos y comerciantes han realizado diversos reportes al ayuntamiento de Xalapa para la reparaci\u00f3n de la calle \u00c9bano, misma que presenta una gran afectaci\u00f3n que ha ocasionado da\u00f1os a los veh\u00edculos cuando transitan por la zona.<\/p>\n\n\n\n<p>Los pobladores mencionaron que hasta el momento el problema no ha sido atendido por las autoridades municipales. Incluso, lo que empez\u00f3 como un bache ahora ha ocasionado una afectaci\u00f3n mayor.<\/p>\n\n\n\n<p>El pavimento luce fracturado, con amplias grietas que han desnivelado el camino, lo que representa un riesgo para automovilistas y motociclistas.<\/p>\n\n\n\n<p>De acuerdo con Javier Utrera Mart\u00ednez, comerciante de la zona, los da\u00f1os en el concreto se encuentran en el tramo de la calle \u00c9bano esquina Pi\u00f1ones, donde ya es notorio tambi\u00e9n un hundimiento.<\/p>\n\n\n\n<p>\u201cEs una de las avenidas que son principales y como avenida principal debe estar en condiciones, a lo mejor las dem\u00e1s calles est\u00e1n transitables y todo, pero esta calle principal no\u201d.<\/p>\n\n\n\n<p>Esta arteria vehicular comunica a las colonias Veracruz, Plan de Ayala, Ni\u00f1os H\u00e9roes, Porvenir, Manantiales y otras de la zona oeste de la capital del estado.<\/p>\n\n\n\n<p>El entrevistado record\u00f3 que ya han ocurrido accidentes viales por el desperfecto que no ha sido atendido por el ayuntamiento.<\/p>\n\n\n\n<p>\u201cAfecta mucho a los veh\u00edculos, la calle no est\u00e1 en buen funcionamiento. La han tratado de medio mejorar, pero no m\u00e1s no queda. Esto lleva mucho tiempo porque se ve la afectaci\u00f3n\u201d.<\/p>\n\n\n\n<p>Cabe mencionar que sobre la v\u00eda de comunicaci\u00f3n hay diversos locales comerciales, mismos que tambi\u00e9n se han visto afectados por el deterioro de la calle.<\/p>\n","protected":false},"excerpt":{"rendered":"<p>Juan Arcos Xalapa, Ver.- Vecinos y comerciantes han realizado diversos reportes al ayuntamiento de Xalapa para la reparaci\u00f3n de la calle \u00c9bano, misma que presenta una gran afectaci\u00f3n que ha ocasionado da\u00f1os a los veh\u00edculos cuando transitan por la zona. Los pobladores mencionaron que hasta el momento el problema no ha sido atendido por las [&hellip;]<\/p>\n","protected":false},"author":1,"featured_media":15249,"comment_status":"open","ping_status":"open","sticky":false,"template":"","format":"standard","meta":{"_jetpack_memberships_contains_paid_content":false,"footnotes":""},"categories":[3],"tags":[],"class_list":["post-15248","post","type-post","status-publish","format-standard","has-post-thumbnail","hentry","category-xalapa"],"jetpack_featured_media_url":"https:\/\/encuentroinformativo.com.mx\/wp-content\/uploads\/2021\/06\/6EBE6CEA-B52A-460C-BE97-A990F0C17D0B.jpeg","jetpack_sharing_enabled":true,"jetpack_likes_enabled":true,"amp_enabled":true,"_links":{"self":[{"href":"https:\/\/encuentroinformativo.com.mx\/index.php?rest_route=\/wp\/v2\/posts\/15248","targetHints":{"allow":["GET"]}}],"collection":[{"href":"https:\/\/encuentroinformativo.com.mx\/index.php?rest_route=\/wp\/v2\/posts"}],"about":[{"href":"https:\/\/encuentroinformativo.com.mx\/index.php?rest_route=\/wp\/v2\/types\/post"}],"author":[{"embeddable":true,"href":"https:\/\/encuentroinformativo.com.mx\/index.php?rest_route=\/wp\/v2\/users\/1"}],"replies":[{"embeddable":true,"href":"https:\/\/encuentroinformativo.com.mx\/index.php?rest_route=%2Fwp%2Fv2%2Fcomments&post=15248"}],"version-history":[{"count":1,"href":"https:\/\/encuentroinformativo.com.mx\/index.php?rest_route=\/wp\/v2\/posts\/15248\/revisions"}],"predecessor-version":[{"id":15250,"href":"https:\/\/encuentroinformativo.com.mx\/index.php?rest_route=\/wp\/v2\/posts\/15248\/revisions\/15250"}],"wp:featuredmedia":[{"embeddable":true,"href":"https:\/\/encuentroinformativo.com.mx\/index.php?rest_route=\/wp\/v2\/media\/15249"}],"wp:attachment":[{"href":"https:\/\/encuentroinformativo.com.mx\/index.php?rest_route=%2Fwp%2Fv2%2Fmedia&parent=15248"}],"wp:term":[{"taxonomy":"category","embeddable":true,"href":"https:\/\/encuentroinformativo.com.mx\/index.php?rest_route=%2Fwp%2Fv2%2Fcategories&post=15248"},{"taxonomy":"post_tag","embeddable":true,"href":"https:\/\/encuentroinformativo.com.mx\/index.php?rest_route=%2Fwp%2Fv2%2Ftags&post=15248"}],"curies":[{"name":"wp","href":"https:\/\/api.w.org\/{rel}","templated":true}]}}