{"id":15251,"date":"2021-06-14T09:09:54","date_gmt":"2021-06-14T14:09:54","guid":{"rendered":"https:\/\/encuentroinformativo.com.mx\/?p=15251"},"modified":"2021-06-14T09:09:58","modified_gmt":"2021-06-14T14:09:58","slug":"las-que-pueden-llegar","status":"publish","type":"post","link":"https:\/\/encuentroinformativo.com.mx\/?p=15251","title":{"rendered":"Las que pueden llegar"},"content":{"rendered":"\n<p><strong>N\u00fameros Rojos<\/strong><\/p>\n\n\n\n<p><strong>Brenda Caballero<\/strong><\/p>\n\n\n\n<p>M\u00e1s mujeres en la vida p\u00fablica de nuestro pa\u00eds. As\u00ed lo pronosticaba este proceso electoral 2021 debido a la paridad en todo, hasta en las gubernaturas. \u00bfPero qu\u00e9 pas\u00f3 en los Congresos?<\/p>\n\n\n\n<p>Seg\u00fan los datos preliminares de la elecci\u00f3n de candidatos y candidatas registrados a nivel federal, el INE destac\u00f3 que la mayor\u00eda eran mujeres, con una participaci\u00f3n en promedio de 53.7 por ciento.<\/p>\n\n\n\n<p>Ahora bien, ech\u00e1ndole un ojo a la votaci\u00f3n en Veracruz para el Congreso Federal, de los 20 distritos veracruzanos, 14 diputaciones uninominales ser\u00e1n para mujeres. Las 5 diputadas que vuelven a reelegirse son: Mar\u00eda Bertha Espinoza Segura (Tuxpan), Claudia Tello Espinoza (Xalapa Rural), Flora Tania Cruz Santos (Coatzacoalcos), Dulce Mar\u00eda Corina Villegas (Orizaba) y Paola Tenorio Adame (San Andr\u00e9s Tuxtla); todas ellas pertenecen al partido Morena. Las nueve restantes son: Mar\u00eda del Carmen Pinete Vargas, quien tuvo una votaci\u00f3n muy cerrada, pero que gana el distrito de Tantoyuca; ella ya hab\u00eda sido diputada federal por el PRI; Rosa Mar\u00eda Hern\u00e1ndez Espejo, que despu\u00e9s de haberlo intentado en el pasado proceso electoral, ahora s\u00ed le hace justicia la revoluci\u00f3n y representar\u00e1 al Distrito de Veracruz; Raquel Bonilla Herrera, por Poza Rica; M\u00f3nica Herrera Villavicencio, licenciada en pedagog\u00eda, quien representa a personas con capacidades diferentes, por Mart\u00ednez de la Torre; Mar\u00eda Josefina Gamboa Torales, \u00fanica mujer panista que de la local brinca a la federal; Ang\u00e9lica Pe\u00f1a Mart\u00ednez, ex candidata a la alcald\u00eda de Cuitl\u00e1huac por Alternativa Veracruzana y ex candidata a la misma curul por el Distrito de Huatusco, pero ahora s\u00ed gana por Morena, como las siguientes: Rosalba Valencia Cruz, por Minatitl\u00e1n; Martha Rosa Morales Romero, por el Distrito de C\u00f3rdoba; Itzel Alel\u00ed Dom\u00ednguez Zopiyactle, por Zongolica, quien fungi\u00f3 como Delegada de Bienestar en esa zona.<\/p>\n\n\n\n<p>\u00bfQu\u00e9 otras mujeres veracruzanas podemos ver en las curules&nbsp; federales? All\u00ed les van algunos nombres: Mar\u00eda del Carmen Escudero Fabre y Alma Rosa Hern\u00e1ndez Escobar, por el PAN; Lorena Pi\u00f1on Rivera, por el PRI; Rosa Mar\u00eda Alvarado Mungu\u00eda, por Morena, originaria de Las Choapas y designada por el m\u00e9todo de t\u00f3mbola en la posici\u00f3n uno, as\u00ed como Ivonne Cisneros Luj\u00e1n, quien iba en la posici\u00f3n 15.&nbsp;<\/p>\n\n\n\n<p>La historia cambia para las mujeres electas por la v\u00eda uninominal para el Congreso del Estado, lo que ser\u00e1 la LXVI Legislatura, ya que de 30 distritos, \u00fanicamente 11 fueron para mujeres de las cuales 7 vuelven a reelegisrse: Elizabeth Cervantes de la Cruz (Distrito \u00c1lamo) quien era por representaci\u00f3n proporcional y ahora s\u00ed gan\u00f3 por la uninominal. Adriana Esther Mart\u00ednez S\u00e1nchez, por Mart\u00ednez de la Torre; Rosa Galindo Silva (Xalapa I); Ana Miriam Ferr\u00e1ez Centeno, por Xalapa II, aunque fue la que menos votos obtuvo como entre los candidatos a diputados; Margarita Corro Mendoza, por Cosamaloapan; Magaly Armenta Viveros, por Cosoleacaque; Jessica Ram\u00edrez Cisneros, por Minatitl\u00e1n.<br>Las caras nuevas de mujeres que veremos en el Congreso estatal son: Cecilia Josefina Guevara Guembe, por Poza Rica, quien ya fue diputada en la LXIII Legislatura en sustituci\u00f3n del pri\u00edsta Rafael Garc\u00eda Bringas; Lourdes Ju\u00e1rez Lara, por C\u00f3rdoba, activista y presidenta de la Asociaci\u00f3n Civil Tiamat que atiende a grupos marginados a trav\u00e9s de diferentes apoyos; Itzel L\u00f3pez L\u00f3pez, de Orizaba y Janix Liliana Castro Mu\u00f1oz, por el distrito de Santiago Tuxtla, quien ya hab\u00eda intentado acceder a la curul.<\/p>\n\n\n\n<p>Debido a que no se alcanza la paridad de 50-50, por la v\u00eda plurinominal se espera que m\u00e1s mujeres asciendan a las curules. Ac\u00e1 algunos nombres de las 14 mujeres que pudieran llegar al Congreso estatal por representaci\u00f3n proporcional:<br>Por Morena: Ylia Dolores Escobar Mart\u00ednez, Gisela L\u00f3pez L\u00f3pez y Marcela Barroso Aguiar. Por el PAN: Nora Jessica Lagunes J\u00e1uregui, Itzel Yescas Valdivia, Ver\u00f3nica Pulido Herrera. Por el PRI: Anil\u00fa Ingram Vallines y Arianna \u00c1ngeles Aguirre. Por el PRD: Perla Romero Rodr\u00edguez. Por el Verde: la periodista Eleaney Sesma. Por Movimiento Ciudadano, Maribel Ram\u00edrez Topete y Ruth Callejas Rold\u00e1n. Por el partido Fuerza por M\u00e9xico, Pilar Guill\u00e9n Rosario. Por el PT: Lucero Navarrete Enr\u00edquez.<\/p>\n\n\n\n<p>Claro que las posiciones plurinominales depender\u00e1n del estataus de la votaci\u00f3n final, as\u00ed que podr\u00edan darse cambios, aunque m\u00ednimos.<\/p>\n\n\n\n<p>Ellas son las veracruzanas que deber\u00e1n establecer la agenda de mujeres a nivel estatal y federal para el beneficio de todas las veracruzanas.<\/p>\n\n\n\n<p><br>@NumerosRojos_BC<\/p>\n\n\n\n<p><a href=\"mailto:caballero_brenda@hotmail.com\" target=\"_blank\" rel=\"noreferrer noopener\">caballero_brenda@hotmail.com<\/a><\/p>\n","protected":false},"excerpt":{"rendered":"<p>N\u00fameros Rojos Brenda Caballero M\u00e1s mujeres en la vida p\u00fablica de nuestro pa\u00eds. As\u00ed lo pronosticaba este proceso electoral 2021 debido a la paridad en todo, hasta en las gubernaturas. \u00bfPero qu\u00e9 pas\u00f3 en los Congresos? Seg\u00fan los datos preliminares de la elecci\u00f3n de candidatos y candidatas registrados a nivel federal, el INE destac\u00f3 que [&hellip;]<\/p>\n","protected":false},"author":1,"featured_media":70,"comment_status":"open","ping_status":"open","sticky":false,"template":"","format":"standard","meta":{"_jetpack_memberships_contains_paid_content":false,"footnotes":""},"categories":[11],"tags":[],"class_list":["post-15251","post","type-post","status-publish","format-standard","has-post-thumbnail","hentry","category-opinion"],"jetpack_featured_media_url":"https:\/\/encuentroinformativo.com.mx\/wp-content\/uploads\/2020\/02\/opinion-invitado.jpg","jetpack_sharing_enabled":true,"jetpack_likes_enabled":true,"amp_enabled":true,"_links":{"self":[{"href":"https:\/\/encuentroinformativo.com.mx\/index.php?rest_route=\/wp\/v2\/posts\/15251","targetHints":{"allow":["GET"]}}],"collection":[{"href":"https:\/\/encuentroinformativo.com.mx\/index.php?rest_route=\/wp\/v2\/posts"}],"about":[{"href":"https:\/\/encuentroinformativo.com.mx\/index.php?rest_route=\/wp\/v2\/types\/post"}],"author":[{"embeddable":true,"href":"https:\/\/encuentroinformativo.com.mx\/index.php?rest_route=\/wp\/v2\/users\/1"}],"replies":[{"embeddable":true,"href":"https:\/\/encuentroinformativo.com.mx\/index.php?rest_route=%2Fwp%2Fv2%2Fcomments&post=15251"}],"version-history":[{"count":1,"href":"https:\/\/encuentroinformativo.com.mx\/index.php?rest_route=\/wp\/v2\/posts\/15251\/revisions"}],"predecessor-version":[{"id":15252,"href":"https:\/\/encuentroinformativo.com.mx\/index.php?rest_route=\/wp\/v2\/posts\/15251\/revisions\/15252"}],"wp:featuredmedia":[{"embeddable":true,"href":"https:\/\/encuentroinformativo.com.mx\/index.php?rest_route=\/wp\/v2\/media\/70"}],"wp:attachment":[{"href":"https:\/\/encuentroinformativo.com.mx\/index.php?rest_route=%2Fwp%2Fv2%2Fmedia&parent=15251"}],"wp:term":[{"taxonomy":"category","embeddable":true,"href":"https:\/\/encuentroinformativo.com.mx\/index.php?rest_route=%2Fwp%2Fv2%2Fcategories&post=15251"},{"taxonomy":"post_tag","embeddable":true,"href":"https:\/\/encuentroinformativo.com.mx\/index.php?rest_route=%2Fwp%2Fv2%2Ftags&post=15251"}],"curies":[{"name":"wp","href":"https:\/\/api.w.org\/{rel}","templated":true}]}}