{"id":15261,"date":"2021-06-14T10:53:12","date_gmt":"2021-06-14T15:53:12","guid":{"rendered":"https:\/\/encuentroinformativo.com.mx\/?p=15261"},"modified":"2021-06-14T10:53:16","modified_gmt":"2021-06-14T15:53:16","slug":"aumenta-nivel-de-rios-actopan-y-la-antigua","status":"publish","type":"post","link":"https:\/\/encuentroinformativo.com.mx\/?p=15261","title":{"rendered":"Aumenta nivel de r\u00edos Actopan y La Antigua"},"content":{"rendered":"\n<p><strong>Dar\u00edo Pale<\/strong><\/p>\n\n\n\n<p>Xalapa, Ver.- Los niveles de los r\u00edos Actopan y La Antigua, incrementaron su nivel durante la madrugada de este lunes, as\u00ed lo inform\u00f3 la Comisi\u00f3n Nacional del Agua (Conagua).<br>Jessica Luna, jefa del departamento de Hidrometeorolog\u00eda, dio a conocer que las lluvias que se han registrado en las \u00faltimas 24 horas se deben a la zona de inestabilidad (Invest 92L), \u00a0localizada al oeste del Golfo de M\u00e9xico, misma que presenta una probabilidad del 20% y 60% de intensificarse a cicl\u00f3n tropical en las pr\u00f3ximas 48 horas y 5 d\u00edas, respectivamente.<\/p>\n\n\n\n<p>Puntualiz\u00f3 que el r\u00edo Actopan, alcanz\u00f3 a las 08:00 horas, un nivel m\u00e1ximo de 182.14 m, esto es, 1.86 metros por abajo de su Nivel de Aguas M\u00e1ximas Ordinarias y ya se encuentra en descenso.<\/p>\n\n\n\n<p>El r\u00edo La Antigua alcanz\u00f3 a las 05:40 horas un nivel m\u00e1ximo a la altura de la estaci\u00f3n autom\u00e1tica Carrizal de 201.09 m, esto es, 0.41 m por abajo del nivel de alertamiento en la estaci\u00f3n hidrom\u00e9trica Cardel, misma \u00a0que registr\u00f3 a las 09:10 horas de este lunes, un nivel de 7.12 m, esto es, 4.88 m por abajo de su N.A.M.O. (12.00 m).<\/p>\n\n\n\n<p>Sin embargo, aclar\u00f3 que se prev\u00e9 supere su NAMO y por lo tanto, recomend\u00f3 tomar las precauciones por la crecida del r\u00edo hasta su desembocadura al Golfo de M\u00e9xico.<\/p>\n\n\n\n<p>Finalmente, destac\u00f3 que derivado de la persistencia de lluvias recomend\u00f3 continuar tomando las medidas pertinentes por la crecida de r\u00edos y arroyos de respuesta r\u00e1pida y lenta.<\/p>\n","protected":false},"excerpt":{"rendered":"<p>Dar\u00edo Pale Xalapa, Ver.- Los niveles de los r\u00edos Actopan y La Antigua, incrementaron su nivel durante la madrugada de este lunes, as\u00ed lo inform\u00f3 la Comisi\u00f3n Nacional del Agua (Conagua).Jessica Luna, jefa del departamento de Hidrometeorolog\u00eda, dio a conocer que las lluvias que se han registrado en las \u00faltimas 24 horas se deben a [&hellip;]<\/p>\n","protected":false},"author":1,"featured_media":6310,"comment_status":"open","ping_status":"open","sticky":false,"template":"","format":"standard","meta":{"_jetpack_memberships_contains_paid_content":false,"footnotes":""},"categories":[8],"tags":[],"class_list":["post-15261","post","type-post","status-publish","format-standard","has-post-thumbnail","hentry","category-region"],"jetpack_featured_media_url":"https:\/\/encuentroinformativo.com.mx\/wp-content\/uploads\/2020\/09\/66B0EDDB-61F8-4F0A-91DD-531760700C1E.jpeg","jetpack_sharing_enabled":true,"jetpack_likes_enabled":true,"amp_enabled":true,"_links":{"self":[{"href":"https:\/\/encuentroinformativo.com.mx\/index.php?rest_route=\/wp\/v2\/posts\/15261","targetHints":{"allow":["GET"]}}],"collection":[{"href":"https:\/\/encuentroinformativo.com.mx\/index.php?rest_route=\/wp\/v2\/posts"}],"about":[{"href":"https:\/\/encuentroinformativo.com.mx\/index.php?rest_route=\/wp\/v2\/types\/post"}],"author":[{"embeddable":true,"href":"https:\/\/encuentroinformativo.com.mx\/index.php?rest_route=\/wp\/v2\/users\/1"}],"replies":[{"embeddable":true,"href":"https:\/\/encuentroinformativo.com.mx\/index.php?rest_route=%2Fwp%2Fv2%2Fcomments&post=15261"}],"version-history":[{"count":1,"href":"https:\/\/encuentroinformativo.com.mx\/index.php?rest_route=\/wp\/v2\/posts\/15261\/revisions"}],"predecessor-version":[{"id":15262,"href":"https:\/\/encuentroinformativo.com.mx\/index.php?rest_route=\/wp\/v2\/posts\/15261\/revisions\/15262"}],"wp:featuredmedia":[{"embeddable":true,"href":"https:\/\/encuentroinformativo.com.mx\/index.php?rest_route=\/wp\/v2\/media\/6310"}],"wp:attachment":[{"href":"https:\/\/encuentroinformativo.com.mx\/index.php?rest_route=%2Fwp%2Fv2%2Fmedia&parent=15261"}],"wp:term":[{"taxonomy":"category","embeddable":true,"href":"https:\/\/encuentroinformativo.com.mx\/index.php?rest_route=%2Fwp%2Fv2%2Fcategories&post=15261"},{"taxonomy":"post_tag","embeddable":true,"href":"https:\/\/encuentroinformativo.com.mx\/index.php?rest_route=%2Fwp%2Fv2%2Ftags&post=15261"}],"curies":[{"name":"wp","href":"https:\/\/api.w.org\/{rel}","templated":true}]}}