{"id":15263,"date":"2021-06-14T12:17:03","date_gmt":"2021-06-14T17:17:03","guid":{"rendered":"https:\/\/encuentroinformativo.com.mx\/?p=15263"},"modified":"2021-06-14T12:17:07","modified_gmt":"2021-06-14T17:17:07","slug":"proximos-alcaldes-deben-frenar-pactos-con-delincuencia-gobernador","status":"publish","type":"post","link":"https:\/\/encuentroinformativo.com.mx\/?p=15263","title":{"rendered":"Pr\u00f3ximos alcaldes deben frenar pactos con delincuencia: Gobernador"},"content":{"rendered":"\n<p><strong>Dar\u00edo Pale<\/strong><\/p>\n\n\n\n<p>Xalapa, Ver.- El mandatario estatal hizo un exhorto a los pr\u00f3ximos alcaldes a impedir que los grupos delictivos se infiltren \u00a0a trav\u00e9s del control de las polic\u00edas municipales, la Tesorer\u00eda y la direcci\u00f3n de obras p\u00fablicas.<\/p>\n\n\n\n<p>En conferencia de prensa realizada en la sala de banderas de palacio de gobierno el gobernador del estado Cuitl\u00e1huac Garc\u00eda Jim\u00e9nez se\u00f1al\u00f3 que, &#8220;en esta elecci\u00f3n les quiero exhortar decirles que impidan que los grupos delictivos se les acerquen, que impida dar la direcci\u00f3n municipal de polic\u00eda al jefe de plaza donde est\u00e1 su municipio&#8221;.<\/p>\n\n\n\n<p>Por lo anterior insisti\u00f3 en que la delincuencia tambi\u00e9n va por la direcci\u00f3n de obras p\u00fablicas, adem\u00e1s de la Tesorer\u00eda.<\/p>\n\n\n\n<p>&#8220;En esta ocasi\u00f3n ser\u00e1n nuevos alcaldes en una circunstancia diferente, porque hoy si se combate a todos los grupos de la delincuencia organizada desde el gobierno federal y del gobierno del estado&#8221;, advirti\u00f3.<\/p>\n\n\n\n<p>Por \u00faltimo en ese tema dej\u00f3 en claro que en Veracruz &#8220;se acabaron con los pactos con la delincuencia organizada y vamos tras todos ellos&#8221;.<\/p>\n","protected":false},"excerpt":{"rendered":"<p>Dar\u00edo Pale Xalapa, Ver.- El mandatario estatal hizo un exhorto a los pr\u00f3ximos alcaldes a impedir que los grupos delictivos se infiltren \u00a0a trav\u00e9s del control de las polic\u00edas municipales, la Tesorer\u00eda y la direcci\u00f3n de obras p\u00fablicas. En conferencia de prensa realizada en la sala de banderas de palacio de gobierno el gobernador del [&hellip;]<\/p>\n","protected":false},"author":1,"featured_media":15264,"comment_status":"open","ping_status":"open","sticky":false,"template":"","format":"standard","meta":{"_jetpack_memberships_contains_paid_content":false,"footnotes":""},"categories":[2],"tags":[],"class_list":["post-15263","post","type-post","status-publish","format-standard","has-post-thumbnail","hentry","category-estado"],"jetpack_featured_media_url":"https:\/\/encuentroinformativo.com.mx\/wp-content\/uploads\/2021\/06\/52C017DE-0449-44D3-9F39-D6C55995EF31.jpeg","jetpack_sharing_enabled":true,"jetpack_likes_enabled":true,"amp_enabled":true,"_links":{"self":[{"href":"https:\/\/encuentroinformativo.com.mx\/index.php?rest_route=\/wp\/v2\/posts\/15263","targetHints":{"allow":["GET"]}}],"collection":[{"href":"https:\/\/encuentroinformativo.com.mx\/index.php?rest_route=\/wp\/v2\/posts"}],"about":[{"href":"https:\/\/encuentroinformativo.com.mx\/index.php?rest_route=\/wp\/v2\/types\/post"}],"author":[{"embeddable":true,"href":"https:\/\/encuentroinformativo.com.mx\/index.php?rest_route=\/wp\/v2\/users\/1"}],"replies":[{"embeddable":true,"href":"https:\/\/encuentroinformativo.com.mx\/index.php?rest_route=%2Fwp%2Fv2%2Fcomments&post=15263"}],"version-history":[{"count":1,"href":"https:\/\/encuentroinformativo.com.mx\/index.php?rest_route=\/wp\/v2\/posts\/15263\/revisions"}],"predecessor-version":[{"id":15265,"href":"https:\/\/encuentroinformativo.com.mx\/index.php?rest_route=\/wp\/v2\/posts\/15263\/revisions\/15265"}],"wp:featuredmedia":[{"embeddable":true,"href":"https:\/\/encuentroinformativo.com.mx\/index.php?rest_route=\/wp\/v2\/media\/15264"}],"wp:attachment":[{"href":"https:\/\/encuentroinformativo.com.mx\/index.php?rest_route=%2Fwp%2Fv2%2Fmedia&parent=15263"}],"wp:term":[{"taxonomy":"category","embeddable":true,"href":"https:\/\/encuentroinformativo.com.mx\/index.php?rest_route=%2Fwp%2Fv2%2Fcategories&post=15263"},{"taxonomy":"post_tag","embeddable":true,"href":"https:\/\/encuentroinformativo.com.mx\/index.php?rest_route=%2Fwp%2Fv2%2Ftags&post=15263"}],"curies":[{"name":"wp","href":"https:\/\/api.w.org\/{rel}","templated":true}]}}