{"id":15274,"date":"2021-06-14T15:16:06","date_gmt":"2021-06-14T20:16:06","guid":{"rendered":"https:\/\/encuentroinformativo.com.mx\/?p=15274"},"modified":"2021-06-14T15:16:10","modified_gmt":"2021-06-14T20:16:10","slug":"edificio-que-critico-amlo-tiene-permisos-del-inah-alcalde","status":"publish","type":"post","link":"https:\/\/encuentroinformativo.com.mx\/?p=15274","title":{"rendered":"Edificio que critic\u00f3 AMLO tiene permisos del INAH: Alcalde"},"content":{"rendered":"\n<p><strong>Alejandro \u00c1vila<\/strong><\/p>\n\n\n\n<p>Veracruz, Ver.- El alcalde de Veracruz, Fernando Yunes M\u00e1rquez, declar\u00f3 que el edificio que critic\u00f3 este lunes el presidente de la rep\u00fablica, Andr\u00e9s Manuel L\u00f3pez Obrador, cuenta con todos los permisos municipales y federales para su construcci\u00f3n.<\/p>\n\n\n\n<p>Esta ma\u00f1ana, durante la conferencia presidencial &#8220;la ma\u00f1anera&#8221;, Andr\u00e9s Manuel L\u00f3pez Obrador, mencion\u00f3 que en su pasada visita al puerto de Veracruz, vio un edificio &#8220;alt\u00edsimo&#8221; detr\u00e1s del Faro Venustiano Carranza, el cual expuso debe ser &#8220;recorado&#8221; pues rompe con la imagen del Centro Hist\u00f3rico de Veracruz.<\/p>\n\n\n\n<p>En ese sentido, el edil panista expuso que fue la pasada administraci\u00f3n municipal la que dio los permisos de cambio de uso de suelo, e incluso, el Instituto Nacional de Antropolog\u00eda e Historia (INAH), tambi\u00e9n dio la anuencia para su construcci\u00f3n, por lo que cuentan con la documentaci\u00f3n para realizar las obras.<\/p>\n\n\n\n<p>&#8220;No es lo que se le antoje a una u otra dependencia, igual al Ayuntamiento tampoco se le puede antojar, tenemos que hacer las cosas con base en reglamentos y eso es lo que tenemos que esperar, pero insisto, ellos tienen la autorizaci\u00f3n federal por parte del INAH, entonces no habr\u00eda raz\u00f3n para que ahora el INAH diga que siempre no&#8221;, apunt\u00f3.<\/p>\n\n\n\n<p>Esta ma\u00f1ana Yunes M\u00e1rquez reactivo la entrega del programa &#8220;Veracruz Contigo&#8221; y asegur\u00f3 que se entregar\u00e1n, tras la veda electoral, 30 mil despensas a igual n\u00famero de beneficiarios en la ciudad, en tan solo una semana.<\/p>\n","protected":false},"excerpt":{"rendered":"<p>Alejandro \u00c1vila Veracruz, Ver.- El alcalde de Veracruz, Fernando Yunes M\u00e1rquez, declar\u00f3 que el edificio que critic\u00f3 este lunes el presidente de la rep\u00fablica, Andr\u00e9s Manuel L\u00f3pez Obrador, cuenta con todos los permisos municipales y federales para su construcci\u00f3n. Esta ma\u00f1ana, durante la conferencia presidencial &#8220;la ma\u00f1anera&#8221;, Andr\u00e9s Manuel L\u00f3pez Obrador, mencion\u00f3 que en su [&hellip;]<\/p>\n","protected":false},"author":1,"featured_media":15275,"comment_status":"open","ping_status":"open","sticky":false,"template":"","format":"standard","meta":{"_jetpack_memberships_contains_paid_content":false,"footnotes":""},"categories":[2],"tags":[],"class_list":["post-15274","post","type-post","status-publish","format-standard","has-post-thumbnail","hentry","category-estado"],"jetpack_featured_media_url":"https:\/\/encuentroinformativo.com.mx\/wp-content\/uploads\/2021\/06\/42681DA4-893C-49DE-9843-E7BBCAA39A92.jpeg","jetpack_sharing_enabled":true,"jetpack_likes_enabled":true,"amp_enabled":true,"_links":{"self":[{"href":"https:\/\/encuentroinformativo.com.mx\/index.php?rest_route=\/wp\/v2\/posts\/15274","targetHints":{"allow":["GET"]}}],"collection":[{"href":"https:\/\/encuentroinformativo.com.mx\/index.php?rest_route=\/wp\/v2\/posts"}],"about":[{"href":"https:\/\/encuentroinformativo.com.mx\/index.php?rest_route=\/wp\/v2\/types\/post"}],"author":[{"embeddable":true,"href":"https:\/\/encuentroinformativo.com.mx\/index.php?rest_route=\/wp\/v2\/users\/1"}],"replies":[{"embeddable":true,"href":"https:\/\/encuentroinformativo.com.mx\/index.php?rest_route=%2Fwp%2Fv2%2Fcomments&post=15274"}],"version-history":[{"count":1,"href":"https:\/\/encuentroinformativo.com.mx\/index.php?rest_route=\/wp\/v2\/posts\/15274\/revisions"}],"predecessor-version":[{"id":15276,"href":"https:\/\/encuentroinformativo.com.mx\/index.php?rest_route=\/wp\/v2\/posts\/15274\/revisions\/15276"}],"wp:featuredmedia":[{"embeddable":true,"href":"https:\/\/encuentroinformativo.com.mx\/index.php?rest_route=\/wp\/v2\/media\/15275"}],"wp:attachment":[{"href":"https:\/\/encuentroinformativo.com.mx\/index.php?rest_route=%2Fwp%2Fv2%2Fmedia&parent=15274"}],"wp:term":[{"taxonomy":"category","embeddable":true,"href":"https:\/\/encuentroinformativo.com.mx\/index.php?rest_route=%2Fwp%2Fv2%2Fcategories&post=15274"},{"taxonomy":"post_tag","embeddable":true,"href":"https:\/\/encuentroinformativo.com.mx\/index.php?rest_route=%2Fwp%2Fv2%2Ftags&post=15274"}],"curies":[{"name":"wp","href":"https:\/\/api.w.org\/{rel}","templated":true}]}}