{"id":15277,"date":"2021-06-14T15:29:01","date_gmt":"2021-06-14T20:29:01","guid":{"rendered":"https:\/\/encuentroinformativo.com.mx\/?p=15277"},"modified":"2021-06-14T15:29:05","modified_gmt":"2021-06-14T20:29:05","slug":"probable-feminicidio-en-tuxpan-muere-mujer-de-la-tercera-edad","status":"publish","type":"post","link":"https:\/\/encuentroinformativo.com.mx\/?p=15277","title":{"rendered":"Probable feminicidio en Tuxpan, muere mujer de la tercera edad"},"content":{"rendered":"\n<p><strong>Alejandro \u00c1vila<\/strong><\/p>\n\n\n\n<p>Tuxpan, Ver.- Una mujer de la tercera edad fue encontrada sin vida en su domicilio en la colonia &#8220;Fausto Vega Santander&#8221; de la ciudad de Tuxpan; sin confirmaci\u00f3n oficial de las autoridades ministeriales, se presume feminicidio.<\/p>\n\n\n\n<p>A la vivienda, que se encuentra en la calle Enrique Rodr\u00edguez Cano, acudieron elementos de la Fuerza Civil tras el reporte hecho por vecinos, el \u00e1rea fue acordonada y se solicit\u00f3 la presencia de los peritos de la Fiscal\u00eda General del Estado para iniciar la indagatoria y abrir la carpeta de investigaci\u00f3n.<\/p>\n\n\n\n<p>Se pudo conocer que la occisa era un mujer de la tercera edad, de 89 a\u00f1os de edad, la cual viv\u00eda sola y fue encontrada sin vida por sus vecinos, pues sospecharon que algo malo pasaba, ya que por la ma\u00f1ana no sali\u00f3 a comprar el periodico como era su rutina.<\/p>\n\n\n\n<p>Seg\u00fan los propios vecinos, el cuerpo de la mujer estaba desnudo y con una almohada en el rostro, aunque esto no ha sido confirmado por las autoridades correspondientes, y se guarda al momento, total hermetismo del caso.<\/p>\n","protected":false},"excerpt":{"rendered":"<p>Alejandro \u00c1vila Tuxpan, Ver.- Una mujer de la tercera edad fue encontrada sin vida en su domicilio en la colonia &#8220;Fausto Vega Santander&#8221; de la ciudad de Tuxpan; sin confirmaci\u00f3n oficial de las autoridades ministeriales, se presume feminicidio. A la vivienda, que se encuentra en la calle Enrique Rodr\u00edguez Cano, acudieron elementos de la Fuerza [&hellip;]<\/p>\n","protected":false},"author":1,"featured_media":15278,"comment_status":"open","ping_status":"open","sticky":false,"template":"","format":"standard","meta":{"_jetpack_memberships_contains_paid_content":false,"footnotes":""},"categories":[14],"tags":[],"class_list":["post-15277","post","type-post","status-publish","format-standard","has-post-thumbnail","hentry","category-policiaca"],"jetpack_featured_media_url":"https:\/\/encuentroinformativo.com.mx\/wp-content\/uploads\/2021\/06\/7685B023-6610-41D9-BBB8-22D64A16EE3A.jpeg","jetpack_sharing_enabled":true,"jetpack_likes_enabled":true,"amp_enabled":true,"_links":{"self":[{"href":"https:\/\/encuentroinformativo.com.mx\/index.php?rest_route=\/wp\/v2\/posts\/15277","targetHints":{"allow":["GET"]}}],"collection":[{"href":"https:\/\/encuentroinformativo.com.mx\/index.php?rest_route=\/wp\/v2\/posts"}],"about":[{"href":"https:\/\/encuentroinformativo.com.mx\/index.php?rest_route=\/wp\/v2\/types\/post"}],"author":[{"embeddable":true,"href":"https:\/\/encuentroinformativo.com.mx\/index.php?rest_route=\/wp\/v2\/users\/1"}],"replies":[{"embeddable":true,"href":"https:\/\/encuentroinformativo.com.mx\/index.php?rest_route=%2Fwp%2Fv2%2Fcomments&post=15277"}],"version-history":[{"count":1,"href":"https:\/\/encuentroinformativo.com.mx\/index.php?rest_route=\/wp\/v2\/posts\/15277\/revisions"}],"predecessor-version":[{"id":15279,"href":"https:\/\/encuentroinformativo.com.mx\/index.php?rest_route=\/wp\/v2\/posts\/15277\/revisions\/15279"}],"wp:featuredmedia":[{"embeddable":true,"href":"https:\/\/encuentroinformativo.com.mx\/index.php?rest_route=\/wp\/v2\/media\/15278"}],"wp:attachment":[{"href":"https:\/\/encuentroinformativo.com.mx\/index.php?rest_route=%2Fwp%2Fv2%2Fmedia&parent=15277"}],"wp:term":[{"taxonomy":"category","embeddable":true,"href":"https:\/\/encuentroinformativo.com.mx\/index.php?rest_route=%2Fwp%2Fv2%2Fcategories&post=15277"},{"taxonomy":"post_tag","embeddable":true,"href":"https:\/\/encuentroinformativo.com.mx\/index.php?rest_route=%2Fwp%2Fv2%2Ftags&post=15277"}],"curies":[{"name":"wp","href":"https:\/\/api.w.org\/{rel}","templated":true}]}}