{"id":15283,"date":"2021-06-14T17:32:17","date_gmt":"2021-06-14T22:32:17","guid":{"rendered":"https:\/\/encuentroinformativo.com.mx\/?p=15283"},"modified":"2021-06-14T17:32:22","modified_gmt":"2021-06-14T22:32:22","slug":"exigen-justicia-para-motociclista-atropellado-conductor-responsable-huyo","status":"publish","type":"post","link":"https:\/\/encuentroinformativo.com.mx\/?p=15283","title":{"rendered":"Exigen justicia para motociclista atropellado, conductor responsable huy\u00f3"},"content":{"rendered":"\n<p><strong>Alejandro \u00c1vila<\/strong><\/p>\n\n\n\n<p>Boca del R\u00edo, Ver.- Daniel Fernando G\u00f3mez Mendoza de 18 a\u00f1os result\u00f3 con fractura en su pierna tras la imprudencial vial de un autom\u00f3vilista que se dio a la fuga.<\/p>\n\n\n\n<p>Vianey Mendoza, su hermana, relat\u00f3 que el pasado viernes su hermano circulaba por la calle Donato Casas de Boca del R\u00edo en su motocicleta, cuando un autom\u00f3vil Mazda, color negro y vidrios polarizados, invadi\u00f3 su carril cerr\u00e1ndole el paso.<\/p>\n\n\n\n<p>Esta situaci\u00f3n provoc\u00f3 que Daniel &#8220;volanteara&#8221; y tras el impacto se fracturara una de sus piernas. El responsable del accidente se dio a la fuga.<\/p>\n\n\n\n<p>Vianey Mendoza lament\u00f3 que a pesar de haber avisado, al lugar de los hechos nunca llegaron los agentes de Tr\u00e1nsito ni los elementos de la Polic\u00eda Municipal; aunado a ello, la ambulancia tard\u00f3 hora y media en llegar y acus\u00f3 que pese a ser derechohabiente, no lo quisieron atender en el IMSS.<\/p>\n\n\n\n<p>Finalmente, el joven tuvo que ser canalizado a un hospital privado, donde ya fue operado. A nombre de su hermano, Vianey pidi\u00f3 que la Fiscal\u00eda acelere las investigaciones para analizar las c\u00e1maras de vigilancia y dar con la ubicaci\u00f3n del responsable del accidente.<\/p>\n","protected":false},"excerpt":{"rendered":"<p>Alejandro \u00c1vila Boca del R\u00edo, Ver.- Daniel Fernando G\u00f3mez Mendoza de 18 a\u00f1os result\u00f3 con fractura en su pierna tras la imprudencial vial de un autom\u00f3vilista que se dio a la fuga. Vianey Mendoza, su hermana, relat\u00f3 que el pasado viernes su hermano circulaba por la calle Donato Casas de Boca del R\u00edo en su [&hellip;]<\/p>\n","protected":false},"author":1,"featured_media":15284,"comment_status":"open","ping_status":"open","sticky":false,"template":"","format":"standard","meta":{"_jetpack_memberships_contains_paid_content":false,"footnotes":""},"categories":[2],"tags":[],"class_list":["post-15283","post","type-post","status-publish","format-standard","has-post-thumbnail","hentry","category-estado"],"jetpack_featured_media_url":"https:\/\/encuentroinformativo.com.mx\/wp-content\/uploads\/2021\/06\/3812AF4C-5259-4252-8549-24F3765F975B.jpeg","jetpack_sharing_enabled":true,"jetpack_likes_enabled":true,"amp_enabled":true,"_links":{"self":[{"href":"https:\/\/encuentroinformativo.com.mx\/index.php?rest_route=\/wp\/v2\/posts\/15283","targetHints":{"allow":["GET"]}}],"collection":[{"href":"https:\/\/encuentroinformativo.com.mx\/index.php?rest_route=\/wp\/v2\/posts"}],"about":[{"href":"https:\/\/encuentroinformativo.com.mx\/index.php?rest_route=\/wp\/v2\/types\/post"}],"author":[{"embeddable":true,"href":"https:\/\/encuentroinformativo.com.mx\/index.php?rest_route=\/wp\/v2\/users\/1"}],"replies":[{"embeddable":true,"href":"https:\/\/encuentroinformativo.com.mx\/index.php?rest_route=%2Fwp%2Fv2%2Fcomments&post=15283"}],"version-history":[{"count":1,"href":"https:\/\/encuentroinformativo.com.mx\/index.php?rest_route=\/wp\/v2\/posts\/15283\/revisions"}],"predecessor-version":[{"id":15285,"href":"https:\/\/encuentroinformativo.com.mx\/index.php?rest_route=\/wp\/v2\/posts\/15283\/revisions\/15285"}],"wp:featuredmedia":[{"embeddable":true,"href":"https:\/\/encuentroinformativo.com.mx\/index.php?rest_route=\/wp\/v2\/media\/15284"}],"wp:attachment":[{"href":"https:\/\/encuentroinformativo.com.mx\/index.php?rest_route=%2Fwp%2Fv2%2Fmedia&parent=15283"}],"wp:term":[{"taxonomy":"category","embeddable":true,"href":"https:\/\/encuentroinformativo.com.mx\/index.php?rest_route=%2Fwp%2Fv2%2Fcategories&post=15283"},{"taxonomy":"post_tag","embeddable":true,"href":"https:\/\/encuentroinformativo.com.mx\/index.php?rest_route=%2Fwp%2Fv2%2Ftags&post=15283"}],"curies":[{"name":"wp","href":"https:\/\/api.w.org\/{rel}","templated":true}]}}