{"id":15286,"date":"2021-06-14T18:38:40","date_gmt":"2021-06-14T23:38:40","guid":{"rendered":"https:\/\/encuentroinformativo.com.mx\/?p=15286"},"modified":"2021-06-14T18:38:45","modified_gmt":"2021-06-14T23:38:45","slug":"se-siguen-anotando-para-la-rectoria-de-la-uv","status":"publish","type":"post","link":"https:\/\/encuentroinformativo.com.mx\/?p=15286","title":{"rendered":"Se siguen anotando para la rector\u00eda de la UV"},"content":{"rendered":"\n<p><strong>Juan Arcos <\/strong><\/p>\n\n\n\n<p>Xalapa, Ver.- El economista Dar\u00edo Fabi\u00e1n Gonz\u00e1lez Hern\u00e1ndez hizo p\u00fablica su aspiraci\u00f3n a la Rector\u00eda de la Universidad Veracruzana (UV), impulsando el \u201cProyecto de rescate y transformaci\u00f3n de la UV\u201d.<\/p>\n\n\n\n<p>El Doctor en Educaci\u00f3n con especializaci\u00f3n en Econom\u00eda por la Universidad de La Salle, Costa Rica, presenta una propuesta de innovaci\u00f3n social con ciencia y humanismo.<\/p>\n\n\n\n<p>Plantea que es necesaria la \u201curgencia de cambio\u201d en la m\u00e1xima casa de estudios del estado y expone una serie de argumentos: la baja cobertura escolar y empleabilidad, bajo impacto en la econom\u00eda, poca vinculaci\u00f3n con los sectores productivos y simulaci\u00f3n cient\u00edfica (no hay patentes ni transferencia tecnol\u00f3gica.<\/p>\n\n\n\n<p>En ese sentido, su propuesta de transformaci\u00f3n contempla tres ejes: rescate financiero, la innovaci\u00f3n acad\u00e9mica y el gobierno transformador.<\/p>\n\n\n\n<p>El rescate financiero contempla una pol\u00edtica de disciplina financiera, austeridad y transparencia; la recuperaci\u00f3n del patrimonio y activos; la contenci\u00f3n del gasto con orientaci\u00f3n fiscal; y equilibrio financiero y democracia presupuestal.<\/p>\n\n\n\n<p>La innovaci\u00f3n acad\u00e9mica plantea ampliar la cobertura, mediante educaci\u00f3n digital e h\u00edbrida; enfoque hacia la formaci\u00f3n ciudadana intercultural y global; la distribuci\u00f3n social del conocimiento (ciencia al servicio de la sociedad); la investigaci\u00f3n vinculada a la sociedad; y<\/p>\n\n\n\n<p>el bienestar universitario, a trav\u00e9s de las artes, el deporte y la salud preventiva.<\/p>\n\n\n\n<p>En cuanto al gobierno transformador, se busca establecer una visi\u00f3n estrat\u00e9gica de procuraci\u00f3n de fondos externos internacionales; hospitales, vivienda y empresas universitarias autosostenibles; y la vinculaci\u00f3n real con los sectores (pertinencia e intervenci\u00f3n social), mediante el plan de emprendimiento y autoempleo.<\/p>\n\n\n\n<p>Gonz\u00e1lez Hern\u00e1ndez indica que es necesario construir un nuevo modelo de universidad p\u00fablica sostenible, como ejemplo nacional; tambi\u00e9n generar un impacto real en la recomposici\u00f3n del tejido social.<\/p>\n\n\n\n<p>El acad\u00e9mico de tiempo completo busca establecer una vinculaci\u00f3n con sectores, consolidando a la universidad como agente de desarrollo social y econ\u00f3mico, y brindando m\u00e1s cobertura y mayor inclusi\u00f3n e innovaci\u00f3n humanista.<\/p>\n\n\n\n<p>Tambi\u00e9n garantiza que su proyecto para la Rector\u00eda de la Universidad Veracruzana propone la alineaci\u00f3n con los principios nacionales: no corrupci\u00f3n, austeridad y transformaci\u00f3n.<\/p>\n\n\n\n<p>El economista se ha desempe\u00f1ado como director del Sistema Estatal de Planeaci\u00f3n, en la Secretar\u00eda de Finanzas y Planeaci\u00f3n de Veracruz, desde 2018 a la fecha. Tambi\u00e9n fue director de Instituto de Investigaciones y Estudios Superiores Econ\u00f3micos y Sociales Universidad Veracruzana (2016-2019).<\/p>\n","protected":false},"excerpt":{"rendered":"<p>Juan Arcos Xalapa, Ver.- El economista Dar\u00edo Fabi\u00e1n Gonz\u00e1lez Hern\u00e1ndez hizo p\u00fablica su aspiraci\u00f3n a la Rector\u00eda de la Universidad Veracruzana (UV), impulsando el \u201cProyecto de rescate y transformaci\u00f3n de la UV\u201d. El Doctor en Educaci\u00f3n con especializaci\u00f3n en Econom\u00eda por la Universidad de La Salle, Costa Rica, presenta una propuesta de innovaci\u00f3n social con [&hellip;]<\/p>\n","protected":false},"author":1,"featured_media":15287,"comment_status":"open","ping_status":"open","sticky":false,"template":"","format":"standard","meta":{"_jetpack_memberships_contains_paid_content":false,"footnotes":""},"categories":[2],"tags":[],"class_list":["post-15286","post","type-post","status-publish","format-standard","has-post-thumbnail","hentry","category-estado"],"jetpack_featured_media_url":"https:\/\/encuentroinformativo.com.mx\/wp-content\/uploads\/2021\/06\/0F1CB410-C6D0-465C-AEAD-37901F561C79.jpeg","jetpack_sharing_enabled":true,"jetpack_likes_enabled":true,"amp_enabled":true,"_links":{"self":[{"href":"https:\/\/encuentroinformativo.com.mx\/index.php?rest_route=\/wp\/v2\/posts\/15286","targetHints":{"allow":["GET"]}}],"collection":[{"href":"https:\/\/encuentroinformativo.com.mx\/index.php?rest_route=\/wp\/v2\/posts"}],"about":[{"href":"https:\/\/encuentroinformativo.com.mx\/index.php?rest_route=\/wp\/v2\/types\/post"}],"author":[{"embeddable":true,"href":"https:\/\/encuentroinformativo.com.mx\/index.php?rest_route=\/wp\/v2\/users\/1"}],"replies":[{"embeddable":true,"href":"https:\/\/encuentroinformativo.com.mx\/index.php?rest_route=%2Fwp%2Fv2%2Fcomments&post=15286"}],"version-history":[{"count":1,"href":"https:\/\/encuentroinformativo.com.mx\/index.php?rest_route=\/wp\/v2\/posts\/15286\/revisions"}],"predecessor-version":[{"id":15288,"href":"https:\/\/encuentroinformativo.com.mx\/index.php?rest_route=\/wp\/v2\/posts\/15286\/revisions\/15288"}],"wp:featuredmedia":[{"embeddable":true,"href":"https:\/\/encuentroinformativo.com.mx\/index.php?rest_route=\/wp\/v2\/media\/15287"}],"wp:attachment":[{"href":"https:\/\/encuentroinformativo.com.mx\/index.php?rest_route=%2Fwp%2Fv2%2Fmedia&parent=15286"}],"wp:term":[{"taxonomy":"category","embeddable":true,"href":"https:\/\/encuentroinformativo.com.mx\/index.php?rest_route=%2Fwp%2Fv2%2Fcategories&post=15286"},{"taxonomy":"post_tag","embeddable":true,"href":"https:\/\/encuentroinformativo.com.mx\/index.php?rest_route=%2Fwp%2Fv2%2Ftags&post=15286"}],"curies":[{"name":"wp","href":"https:\/\/api.w.org\/{rel}","templated":true}]}}