{"id":15300,"date":"2021-06-15T11:56:27","date_gmt":"2021-06-15T16:56:27","guid":{"rendered":"https:\/\/encuentroinformativo.com.mx\/?p=15300"},"modified":"2021-06-15T11:56:30","modified_gmt":"2021-06-15T16:56:30","slug":"aseguradora-se-niega-a-pagar-cobertura-de-accidentes-acusan-usuarios","status":"publish","type":"post","link":"https:\/\/encuentroinformativo.com.mx\/?p=15300","title":{"rendered":"Aseguradora se niega a pagar cobertura de accidentes, acusan usuarios"},"content":{"rendered":"\n<p><strong>Alejandro \u00c1vila<\/strong><\/p>\n\n\n\n<p>Veracruz, Ver.- La empresa de Seguros Afirme Veracruz se neg\u00f3 a cubrir los gastos generados por su cliente, tras haber impactado de forma involuntaria a otro veh\u00edculo, por lo que denuncian el mal proceder de la aseguradora.<\/p>\n\n\n\n<p>Jos\u00e9 Eduardo Vargas Roda, quien es el afectado, relat\u00f3 que la tarde de este lunes, sal\u00eda de reversa de una tienda de conveniencia en su autom\u00f3vil Attitude Dodge 2021, cuando impact\u00f3 a un veh\u00edculo tipo Corsa; tras reconocer su error, llam\u00f3 a su aseguradora para que esta se hiciera cargo de la situaci\u00f3n; esta acudi\u00f3 al sitio, tom\u00f3 los datos necesarios y fotograf\u00edas, de la misma forma que los elementos de tr\u00e1nsito que se acercaron al lugar.<\/p>\n\n\n\n<p>&#8220;Me trajeron ac\u00e1 a Tr\u00e1nsito, nos tomaron todos los datos en Tr\u00e1nsito, posteriormente se comunic\u00f3 el de la aseguradora despu\u00e9s de haberle llenado sus documentos y firmado, (para decirme) que m\u00ed veh\u00edculo el golpe que presentaba, seg\u00fan sus supervisores, no era un golpe del d\u00eda, que era un golpe viejo y que no lo pod\u00edan pagar, lo cual se me hace il\u00f3gico porque mi carro apenas me lo dieron el d\u00eda lunes de la semana pasada, apenas tiene una semana en circulaci\u00f3n, y tenganlo por seguro que cualquier golpe que mi carro tuviera, enseguida yo lo reportar\u00eda, porque tiene seguro, tengo la confianza porque s\u00e9 que tiene seguro&#8221;, subray\u00f3.<\/p>\n\n\n\n<p>La persona afectada, expone que adem\u00e1s del golpe en ambos veh\u00edculos, la persona a quien choc\u00f3 debe recibir atenci\u00f3n m\u00e9dica, por lo que se agrava la situaci\u00f3n, ya que no cuenta con el recurso econ\u00f3mico en estos momentos para hacerse cargo del problema, y los gastos totales, superan los 30 mil pesos.<\/p>\n\n\n\n<p>&#8220;Mi n\u00famero de reporte es el 808, y ya estuve marcando a la aseguradora pero me dijeron que no se pueden hacer cargo del golpe, ya que el golpe seg\u00fan sus conjeturas de ellos, el golpe de mi carro no tiene nada que ver con el otro golpe\u2026 entonces yo pido el apoyo porque no me quiere apoyar la aseguradora ya que yo estoy pagando un seguro&#8221;, asest\u00f3.<\/p>\n","protected":false},"excerpt":{"rendered":"<p>Alejandro \u00c1vila Veracruz, Ver.- La empresa de Seguros Afirme Veracruz se neg\u00f3 a cubrir los gastos generados por su cliente, tras haber impactado de forma involuntaria a otro veh\u00edculo, por lo que denuncian el mal proceder de la aseguradora. Jos\u00e9 Eduardo Vargas Roda, quien es el afectado, relat\u00f3 que la tarde de este lunes, sal\u00eda [&hellip;]<\/p>\n","protected":false},"author":1,"featured_media":15301,"comment_status":"open","ping_status":"open","sticky":false,"template":"","format":"standard","meta":{"_jetpack_memberships_contains_paid_content":false,"footnotes":""},"categories":[2],"tags":[],"class_list":["post-15300","post","type-post","status-publish","format-standard","has-post-thumbnail","hentry","category-estado"],"jetpack_featured_media_url":"https:\/\/encuentroinformativo.com.mx\/wp-content\/uploads\/2021\/06\/8332A409-4592-4AF9-BDD7-46395C3C600D.jpeg","jetpack_sharing_enabled":true,"jetpack_likes_enabled":true,"amp_enabled":true,"_links":{"self":[{"href":"https:\/\/encuentroinformativo.com.mx\/index.php?rest_route=\/wp\/v2\/posts\/15300","targetHints":{"allow":["GET"]}}],"collection":[{"href":"https:\/\/encuentroinformativo.com.mx\/index.php?rest_route=\/wp\/v2\/posts"}],"about":[{"href":"https:\/\/encuentroinformativo.com.mx\/index.php?rest_route=\/wp\/v2\/types\/post"}],"author":[{"embeddable":true,"href":"https:\/\/encuentroinformativo.com.mx\/index.php?rest_route=\/wp\/v2\/users\/1"}],"replies":[{"embeddable":true,"href":"https:\/\/encuentroinformativo.com.mx\/index.php?rest_route=%2Fwp%2Fv2%2Fcomments&post=15300"}],"version-history":[{"count":1,"href":"https:\/\/encuentroinformativo.com.mx\/index.php?rest_route=\/wp\/v2\/posts\/15300\/revisions"}],"predecessor-version":[{"id":15302,"href":"https:\/\/encuentroinformativo.com.mx\/index.php?rest_route=\/wp\/v2\/posts\/15300\/revisions\/15302"}],"wp:featuredmedia":[{"embeddable":true,"href":"https:\/\/encuentroinformativo.com.mx\/index.php?rest_route=\/wp\/v2\/media\/15301"}],"wp:attachment":[{"href":"https:\/\/encuentroinformativo.com.mx\/index.php?rest_route=%2Fwp%2Fv2%2Fmedia&parent=15300"}],"wp:term":[{"taxonomy":"category","embeddable":true,"href":"https:\/\/encuentroinformativo.com.mx\/index.php?rest_route=%2Fwp%2Fv2%2Fcategories&post=15300"},{"taxonomy":"post_tag","embeddable":true,"href":"https:\/\/encuentroinformativo.com.mx\/index.php?rest_route=%2Fwp%2Fv2%2Ftags&post=15300"}],"curies":[{"name":"wp","href":"https:\/\/api.w.org\/{rel}","templated":true}]}}