{"id":15303,"date":"2021-06-15T12:25:43","date_gmt":"2021-06-15T17:25:43","guid":{"rendered":"https:\/\/encuentroinformativo.com.mx\/?p=15303"},"modified":"2021-06-15T12:25:47","modified_gmt":"2021-06-15T17:25:47","slug":"veracruz-sin-recursos-para-afrontar-desastres-naturales-senadora","status":"publish","type":"post","link":"https:\/\/encuentroinformativo.com.mx\/?p=15303","title":{"rendered":"Veracruz sin recursos para afrontar desastres naturales: Senadora"},"content":{"rendered":"\n<p><strong>Alejandro \u00c1vila<\/strong><\/p>\n\n\n\n<p>Veracruz, Ver.- La temporada de lluvias 2021 ser\u00e1 la &#8220;prueba de fuego&#8221; para el Gobierno de Veracruz, de como enfrentar los desastres naturales, sin presupuesto especifico para ello; toda vez que en 2020, se vot\u00f3 en el Cogreso Federal para la desaparici\u00f3n del Fondo para Desastres Naturales (FONDEN), expuso la Senadora Indira Rosales San Rom\u00e1n en entrevista.<\/p>\n\n\n\n<p>Apenas este lunes, el gobernador Cuitl\u00e1huac Garc\u00eda Jim\u00e9nez, confirm\u00f3 que tras las lluvias del pasado fin de semana, 16 municipios del Estado de Veracruz se vieron severamente afectados por las precipitaciones pluviales, entre los que destacan Coatepec, Mart\u00ednez de la Torre, Chontla, Misantla, Cosoleacaque, Yecuatla, La Perla, entre otros.<\/p>\n\n\n\n<p>&#8220;Existe un seguro que fue contratado por parte del gobernador Cuitl\u00e1huac en 2019 contra desastres, sin embargo, ese \u00fanicamente atiende la infraestructura p\u00fablica, no atiende directamente lo que son las viviendas y cualquier otra necesidad de los particulares, entonces s\u00ed resulta muy preocupante que hasta este momento no hay una sola alternativa por parte de este Gobierno del Estado, y tampoco por parte del Gobierno Federal, de como es que van a apoyar a los municipios, y sobre todo como es que van a apoyar directamente a los ciudadanos que se ven afectados; porque hay que decirlo, ning\u00fan municipio cuenta en este momento con la capacidad econ\u00f3mica para poder atender ning\u00fan tipo de desastre natural&#8221;, asest\u00f3 la Legisladora.<\/p>\n\n\n\n<p>La panista mencion\u00f3 que este a\u00f1o se podr\u00e1n ver los efectos de haber eliminado el FONDEN, pues todav\u00eda el a\u00f1o pasado se destinaron 278 millones de pesos para todos los municipios afectados en la entidad veracruzana.<\/p>\n\n\n\n<p>&#8220;Vamos a ir viendo, desafortunadamente, conforme pase la temporada de lluvias durante todos estos meses, los municipios no van a tener manera de atender esas situaciones y los ciudadanos sobre todo, que se ven afectados en sus viviendas, pues muchisimo menos van a tener el apoyo del Gobierno Federal y Estatal&#8221;, apunt\u00f3.<\/p>\n","protected":false},"excerpt":{"rendered":"<p>Alejandro \u00c1vila Veracruz, Ver.- La temporada de lluvias 2021 ser\u00e1 la &#8220;prueba de fuego&#8221; para el Gobierno de Veracruz, de como enfrentar los desastres naturales, sin presupuesto especifico para ello; toda vez que en 2020, se vot\u00f3 en el Cogreso Federal para la desaparici\u00f3n del Fondo para Desastres Naturales (FONDEN), expuso la Senadora Indira Rosales [&hellip;]<\/p>\n","protected":false},"author":1,"featured_media":15304,"comment_status":"open","ping_status":"open","sticky":false,"template":"","format":"standard","meta":{"_jetpack_memberships_contains_paid_content":false,"footnotes":""},"categories":[2],"tags":[],"class_list":["post-15303","post","type-post","status-publish","format-standard","has-post-thumbnail","hentry","category-estado"],"jetpack_featured_media_url":"https:\/\/encuentroinformativo.com.mx\/wp-content\/uploads\/2021\/06\/6DEC688A-84C7-48E5-B2EC-1DBCAE42C969.jpeg","jetpack_sharing_enabled":true,"jetpack_likes_enabled":true,"amp_enabled":true,"_links":{"self":[{"href":"https:\/\/encuentroinformativo.com.mx\/index.php?rest_route=\/wp\/v2\/posts\/15303","targetHints":{"allow":["GET"]}}],"collection":[{"href":"https:\/\/encuentroinformativo.com.mx\/index.php?rest_route=\/wp\/v2\/posts"}],"about":[{"href":"https:\/\/encuentroinformativo.com.mx\/index.php?rest_route=\/wp\/v2\/types\/post"}],"author":[{"embeddable":true,"href":"https:\/\/encuentroinformativo.com.mx\/index.php?rest_route=\/wp\/v2\/users\/1"}],"replies":[{"embeddable":true,"href":"https:\/\/encuentroinformativo.com.mx\/index.php?rest_route=%2Fwp%2Fv2%2Fcomments&post=15303"}],"version-history":[{"count":1,"href":"https:\/\/encuentroinformativo.com.mx\/index.php?rest_route=\/wp\/v2\/posts\/15303\/revisions"}],"predecessor-version":[{"id":15305,"href":"https:\/\/encuentroinformativo.com.mx\/index.php?rest_route=\/wp\/v2\/posts\/15303\/revisions\/15305"}],"wp:featuredmedia":[{"embeddable":true,"href":"https:\/\/encuentroinformativo.com.mx\/index.php?rest_route=\/wp\/v2\/media\/15304"}],"wp:attachment":[{"href":"https:\/\/encuentroinformativo.com.mx\/index.php?rest_route=%2Fwp%2Fv2%2Fmedia&parent=15303"}],"wp:term":[{"taxonomy":"category","embeddable":true,"href":"https:\/\/encuentroinformativo.com.mx\/index.php?rest_route=%2Fwp%2Fv2%2Fcategories&post=15303"},{"taxonomy":"post_tag","embeddable":true,"href":"https:\/\/encuentroinformativo.com.mx\/index.php?rest_route=%2Fwp%2Fv2%2Ftags&post=15303"}],"curies":[{"name":"wp","href":"https:\/\/api.w.org\/{rel}","templated":true}]}}