{"id":15306,"date":"2021-06-15T12:41:31","date_gmt":"2021-06-15T17:41:31","guid":{"rendered":"https:\/\/encuentroinformativo.com.mx\/?p=15306"},"modified":"2021-06-15T12:41:35","modified_gmt":"2021-06-15T17:41:35","slug":"alistan-consulta-contra-ex-presidentes","status":"publish","type":"post","link":"https:\/\/encuentroinformativo.com.mx\/?p=15306","title":{"rendered":"Alistan consulta contra ex presidentes"},"content":{"rendered":"\n<p><strong>Dar\u00edo Pale<\/strong><\/p>\n\n\n\n<p>Xalapa, Ver.- El 1 de agosto se llevar\u00e1 a cabo la consulta oficial para promover el juicio contra los expresidentes de M\u00e9xico, as\u00ed lo inform\u00f3 Tom\u00e1s Humberto Segura Rivera, suplente del diputado federal de Morena, Rafael Hern\u00e1ndez Villalpando.<\/p>\n\n\n\n<p>En conferencia de prensa realizada en conocido caf\u00e9 del centro de Xalapa, indic\u00f3 que la pregunta ser\u00e1: \u00bfest\u00e1s de acuerdo o no en que se lleven las acciones pertinentes en apego al marco constitucional y legal para emprender un proceso de esclarecimiento de las decisiones pol\u00edticas en los a\u00f1os pasados por los actores pol\u00edticos encaminando a garantizar la justicia y los derechos de las posibles v\u00edctimas?<\/p>\n\n\n\n<p>Por ello, adelant\u00f3 que seguir\u00e1n promoviendo dicha acci\u00f3n desde la casa de Morena que tienen en esta capital, y que para que se haga v\u00e1lido el juicio se requieren de 37 millones de mexicanos encuestados, pero &#8220;pronostic\u00f3&#8221; que llegar\u00e1n a los 50 millones.<\/p>\n\n\n\n<p>La jornada se llevar\u00e1 a cabo el 1 de agosto de las 08:00 a las 18:00 horas y se usar\u00e1 el padr\u00f3n y la lista nominal de este 6 de junio.<\/p>\n\n\n\n<p>Por otra parte, detall\u00f3 que Villalpando obtuvo 70 mil 569 votos, mientras que la alianza Va por M\u00e9xico que encabez\u00f3 Am\u00e9rico Z\u00fa\u00f1iga, obtuvo 65 mil 294, es decir, una diferencia de 5 mil 275 votos.<\/p>\n\n\n\n<p>Finalmente dio a conocer que su labor ser\u00e1 ser el enlace del Diputado con los ciudadanos y trabajar de manera coordinada con la administraci\u00f3n local de Ricardo Ahued.<\/p>\n","protected":false},"excerpt":{"rendered":"<p>Dar\u00edo Pale Xalapa, Ver.- El 1 de agosto se llevar\u00e1 a cabo la consulta oficial para promover el juicio contra los expresidentes de M\u00e9xico, as\u00ed lo inform\u00f3 Tom\u00e1s Humberto Segura Rivera, suplente del diputado federal de Morena, Rafael Hern\u00e1ndez Villalpando. En conferencia de prensa realizada en conocido caf\u00e9 del centro de Xalapa, indic\u00f3 que la [&hellip;]<\/p>\n","protected":false},"author":1,"featured_media":15307,"comment_status":"open","ping_status":"open","sticky":false,"template":"","format":"standard","meta":{"_jetpack_memberships_contains_paid_content":false,"footnotes":""},"categories":[3],"tags":[],"class_list":["post-15306","post","type-post","status-publish","format-standard","has-post-thumbnail","hentry","category-xalapa"],"jetpack_featured_media_url":"https:\/\/encuentroinformativo.com.mx\/wp-content\/uploads\/2021\/06\/4268BC8A-652E-4D18-AAC5-F6F1858E872D.jpeg","jetpack_sharing_enabled":true,"jetpack_likes_enabled":true,"amp_enabled":true,"_links":{"self":[{"href":"https:\/\/encuentroinformativo.com.mx\/index.php?rest_route=\/wp\/v2\/posts\/15306","targetHints":{"allow":["GET"]}}],"collection":[{"href":"https:\/\/encuentroinformativo.com.mx\/index.php?rest_route=\/wp\/v2\/posts"}],"about":[{"href":"https:\/\/encuentroinformativo.com.mx\/index.php?rest_route=\/wp\/v2\/types\/post"}],"author":[{"embeddable":true,"href":"https:\/\/encuentroinformativo.com.mx\/index.php?rest_route=\/wp\/v2\/users\/1"}],"replies":[{"embeddable":true,"href":"https:\/\/encuentroinformativo.com.mx\/index.php?rest_route=%2Fwp%2Fv2%2Fcomments&post=15306"}],"version-history":[{"count":1,"href":"https:\/\/encuentroinformativo.com.mx\/index.php?rest_route=\/wp\/v2\/posts\/15306\/revisions"}],"predecessor-version":[{"id":15308,"href":"https:\/\/encuentroinformativo.com.mx\/index.php?rest_route=\/wp\/v2\/posts\/15306\/revisions\/15308"}],"wp:featuredmedia":[{"embeddable":true,"href":"https:\/\/encuentroinformativo.com.mx\/index.php?rest_route=\/wp\/v2\/media\/15307"}],"wp:attachment":[{"href":"https:\/\/encuentroinformativo.com.mx\/index.php?rest_route=%2Fwp%2Fv2%2Fmedia&parent=15306"}],"wp:term":[{"taxonomy":"category","embeddable":true,"href":"https:\/\/encuentroinformativo.com.mx\/index.php?rest_route=%2Fwp%2Fv2%2Fcategories&post=15306"},{"taxonomy":"post_tag","embeddable":true,"href":"https:\/\/encuentroinformativo.com.mx\/index.php?rest_route=%2Fwp%2Fv2%2Ftags&post=15306"}],"curies":[{"name":"wp","href":"https:\/\/api.w.org\/{rel}","templated":true}]}}