{"id":15309,"date":"2021-06-15T12:54:25","date_gmt":"2021-06-15T17:54:25","guid":{"rendered":"https:\/\/encuentroinformativo.com.mx\/?p=15309"},"modified":"2021-06-15T12:54:30","modified_gmt":"2021-06-15T17:54:30","slug":"descarta-alcalde-de-veracruz-que-su-familia-sea-duena-de-edificio-cuestionado-por-amlo","status":"publish","type":"post","link":"https:\/\/encuentroinformativo.com.mx\/?p=15309","title":{"rendered":"Descarta alcalde de Veracruz que su familia sea due\u00f1a de edificio cuestionado por AMLO"},"content":{"rendered":"\n<p><strong>Alejandro \u00c1vila<\/strong><\/p>\n\n\n\n<p>Veracruz, Ver.- Como una &#8220;payasada&#8221; calific\u00f3 el alcalde de Veracruz, Fernando Yunes M\u00e1rquez, los rumores de que el edificio que critic\u00f3 el presidente Andr\u00e9s Manuel L\u00f3pez Obrador en el primer cuadro de la ciudad, sea de la familia Yunes.<\/p>\n\n\n\n<p>Tras los comentarios del presidente sobre el edificio que se construye en la avenida Xicotencatl, en algunos medios de comunicaci\u00f3n se expuso que este inmueble pertenec\u00eda a la familia Yunes a trav\u00e9s de prestanombre, acci\u00f3n que aclar\u00f3 el panista, e incluso bromeo con ello.<\/p>\n\n\n\n<p>&#8220;No, ya sabes que no. Ojal\u00e1, ya tendr\u00eda con que retirarme despu\u00e9s del primero de enero, es una payasada&#8221;, asest\u00f3.<\/p>\n\n\n\n<p>Yunes M\u00e1rquez recalc\u00f3 que el edificio cuenta con todos los permisos, federales, estatales y municipales desde el 2017, por lo que legalmente est\u00e1 en su derecho de ejercer la obra; aunque mencion\u00f3 que el disgusto del Ejecutivo federal por la estructura y dise\u00f1o del inmueble es respetable, pues incluso a \u00e9l no le gusta algunos edificios del Centro Hist\u00f3rico.<\/p>\n\n\n\n<p>&#8220;Est\u00e1 bien, se vale que te guste o no te guste un edificio, pero para nosotros es un tema de legalidad, yo otorgo licencias de construcci\u00f3n en base a que la gente quela solicita cumpla con los requisitos, y el edificio cumple con los requisitos. A m\u00ed hay muchos otros edificios en la ciudad que no me gustan, me desagradan, su arquitectura, su forma, pero si cumple con los requisitos, yo no soy nadie para poderle frenar o revocar como comentaban, una licencia a nadie, ser\u00eda indebido de nuestra parte hacerlo&#8221;, remat\u00f3.<\/p>\n","protected":false},"excerpt":{"rendered":"<p>Alejandro \u00c1vila Veracruz, Ver.- Como una &#8220;payasada&#8221; calific\u00f3 el alcalde de Veracruz, Fernando Yunes M\u00e1rquez, los rumores de que el edificio que critic\u00f3 el presidente Andr\u00e9s Manuel L\u00f3pez Obrador en el primer cuadro de la ciudad, sea de la familia Yunes. Tras los comentarios del presidente sobre el edificio que se construye en la avenida [&hellip;]<\/p>\n","protected":false},"author":1,"featured_media":15310,"comment_status":"open","ping_status":"open","sticky":false,"template":"","format":"standard","meta":{"_jetpack_memberships_contains_paid_content":false,"footnotes":""},"categories":[2],"tags":[],"class_list":["post-15309","post","type-post","status-publish","format-standard","has-post-thumbnail","hentry","category-estado"],"jetpack_featured_media_url":"https:\/\/encuentroinformativo.com.mx\/wp-content\/uploads\/2021\/06\/693D291C-3B53-470A-813C-D99E17071C0A.jpeg","jetpack_sharing_enabled":true,"jetpack_likes_enabled":true,"amp_enabled":true,"_links":{"self":[{"href":"https:\/\/encuentroinformativo.com.mx\/index.php?rest_route=\/wp\/v2\/posts\/15309","targetHints":{"allow":["GET"]}}],"collection":[{"href":"https:\/\/encuentroinformativo.com.mx\/index.php?rest_route=\/wp\/v2\/posts"}],"about":[{"href":"https:\/\/encuentroinformativo.com.mx\/index.php?rest_route=\/wp\/v2\/types\/post"}],"author":[{"embeddable":true,"href":"https:\/\/encuentroinformativo.com.mx\/index.php?rest_route=\/wp\/v2\/users\/1"}],"replies":[{"embeddable":true,"href":"https:\/\/encuentroinformativo.com.mx\/index.php?rest_route=%2Fwp%2Fv2%2Fcomments&post=15309"}],"version-history":[{"count":1,"href":"https:\/\/encuentroinformativo.com.mx\/index.php?rest_route=\/wp\/v2\/posts\/15309\/revisions"}],"predecessor-version":[{"id":15311,"href":"https:\/\/encuentroinformativo.com.mx\/index.php?rest_route=\/wp\/v2\/posts\/15309\/revisions\/15311"}],"wp:featuredmedia":[{"embeddable":true,"href":"https:\/\/encuentroinformativo.com.mx\/index.php?rest_route=\/wp\/v2\/media\/15310"}],"wp:attachment":[{"href":"https:\/\/encuentroinformativo.com.mx\/index.php?rest_route=%2Fwp%2Fv2%2Fmedia&parent=15309"}],"wp:term":[{"taxonomy":"category","embeddable":true,"href":"https:\/\/encuentroinformativo.com.mx\/index.php?rest_route=%2Fwp%2Fv2%2Fcategories&post=15309"},{"taxonomy":"post_tag","embeddable":true,"href":"https:\/\/encuentroinformativo.com.mx\/index.php?rest_route=%2Fwp%2Fv2%2Ftags&post=15309"}],"curies":[{"name":"wp","href":"https:\/\/api.w.org\/{rel}","templated":true}]}}