{"id":15312,"date":"2021-06-15T13:58:03","date_gmt":"2021-06-15T18:58:03","guid":{"rendered":"https:\/\/encuentroinformativo.com.mx\/?p=15312"},"modified":"2021-06-15T13:58:07","modified_gmt":"2021-06-15T18:58:07","slug":"damnificados-de-coatepec-sin-recibir-apoyo-del-ayuntamiento-acusan","status":"publish","type":"post","link":"https:\/\/encuentroinformativo.com.mx\/?p=15312","title":{"rendered":"Damnificados de Coatepec sin recibir apoyo del Ayuntamiento, acusan"},"content":{"rendered":"\n<p><strong>Juan Arcos<\/strong><\/p>\n\n\n\n<p>Coatepec, Ver.- Damnificados de Coatepec encabezaron un bloqueo durante m\u00e1s de 12 horas consecutivas, para exigir al ayuntamiento que realice las obras necesarias y as\u00ed evitar que a\u00f1o tras a\u00f1o sus pertenencias queden bajo el agua.<\/p>\n\n\n\n<p>Los inconformes iniciaron la protesta a las diez y media de la ma\u00f1ana del lunes sobre la calle S\u00e9ptima de Hern\u00e1ndez y Hern\u00e1ndez, donde permanecieron toda la tarde y se retiraron hasta despu\u00e9s de las 23:00 horas.<\/p>\n\n\n\n<p>De acuerdo con Isabel Gonz\u00e1lez, vecina de la colonia Salvador D\u00edaz Mir\u00f3n, mejor conocida como barrio del \u201cSapo\u201d, las personas liberaron la v\u00eda de comunicaci\u00f3n, debido a que comenz\u00f3 a llover y la gente tem\u00eda inundarse nuevamente.<\/p>\n\n\n\n<p>Record\u00f3 que en su manifestaci\u00f3n se hab\u00eda solicitado la presencia del alcalde de Coatepec, Luis Enrique Fern\u00e1ndez Peredo; sin embargo, fueron ignorados.\u00a0<\/p>\n\n\n\n<p>A\u00f1adi\u00f3 que s\u00f3lo acudi\u00f3 al lugar una licenciada en representaci\u00f3n del Alcalde para acordar una reuni\u00f3n en Palacio Municipal este martes a las 13:00 horas.<\/p>\n\n\n\n<p>Sin embargo, los vecinos dijeron estar dispuestos a cerrar la calle de nueva cuenta, en caso de no obtener una respuesta favorable por parte de las autoridades.<br>Record\u00f3 que m\u00e1s de 20 familias perdieron casi todas sus pertenencias por la inundaci\u00f3n que ocasionaron las fuertes lluvias del pasado domingo.<\/p>\n\n\n\n<p>Adem\u00e1s, atribuyen el problema a la construcci\u00f3n del centro deportivo \u201cHaya Sport\u201d, toda vez que las inundaciones se han registrado en los \u00faltimos cuatro a\u00f1os.\u00a0<br>Hasta el momento, los damnificados no han recibido ni una colchoneta o cobijas por parte del ayuntamiento.<\/p>\n\n\n\n<p>\u201cEstamos en espera de que resuelvan c\u00f3mo pueden ayudar porque pr\u00e1cticamente las lluvias van a seguir\u201d, expres\u00f3 Isabel Gonz\u00e1lez.\u00a0<br>Los afectados han recibido despensas, ropa y otros apoyos por parte de la poblaci\u00f3n; ning\u00fan apoyo del gobierno municipal.<\/p>\n","protected":false},"excerpt":{"rendered":"<p>Juan Arcos Coatepec, Ver.- Damnificados de Coatepec encabezaron un bloqueo durante m\u00e1s de 12 horas consecutivas, para exigir al ayuntamiento que realice las obras necesarias y as\u00ed evitar que a\u00f1o tras a\u00f1o sus pertenencias queden bajo el agua. Los inconformes iniciaron la protesta a las diez y media de la ma\u00f1ana del lunes sobre la [&hellip;]<\/p>\n","protected":false},"author":1,"featured_media":15313,"comment_status":"open","ping_status":"open","sticky":false,"template":"","format":"standard","meta":{"_jetpack_memberships_contains_paid_content":false,"footnotes":""},"categories":[8],"tags":[],"class_list":["post-15312","post","type-post","status-publish","format-standard","has-post-thumbnail","hentry","category-region"],"jetpack_featured_media_url":"https:\/\/encuentroinformativo.com.mx\/wp-content\/uploads\/2021\/06\/D9E8FD2B-921B-40BC-A681-713E0137AE01.jpeg","jetpack_sharing_enabled":true,"jetpack_likes_enabled":true,"amp_enabled":true,"_links":{"self":[{"href":"https:\/\/encuentroinformativo.com.mx\/index.php?rest_route=\/wp\/v2\/posts\/15312","targetHints":{"allow":["GET"]}}],"collection":[{"href":"https:\/\/encuentroinformativo.com.mx\/index.php?rest_route=\/wp\/v2\/posts"}],"about":[{"href":"https:\/\/encuentroinformativo.com.mx\/index.php?rest_route=\/wp\/v2\/types\/post"}],"author":[{"embeddable":true,"href":"https:\/\/encuentroinformativo.com.mx\/index.php?rest_route=\/wp\/v2\/users\/1"}],"replies":[{"embeddable":true,"href":"https:\/\/encuentroinformativo.com.mx\/index.php?rest_route=%2Fwp%2Fv2%2Fcomments&post=15312"}],"version-history":[{"count":1,"href":"https:\/\/encuentroinformativo.com.mx\/index.php?rest_route=\/wp\/v2\/posts\/15312\/revisions"}],"predecessor-version":[{"id":15314,"href":"https:\/\/encuentroinformativo.com.mx\/index.php?rest_route=\/wp\/v2\/posts\/15312\/revisions\/15314"}],"wp:featuredmedia":[{"embeddable":true,"href":"https:\/\/encuentroinformativo.com.mx\/index.php?rest_route=\/wp\/v2\/media\/15313"}],"wp:attachment":[{"href":"https:\/\/encuentroinformativo.com.mx\/index.php?rest_route=%2Fwp%2Fv2%2Fmedia&parent=15312"}],"wp:term":[{"taxonomy":"category","embeddable":true,"href":"https:\/\/encuentroinformativo.com.mx\/index.php?rest_route=%2Fwp%2Fv2%2Fcategories&post=15312"},{"taxonomy":"post_tag","embeddable":true,"href":"https:\/\/encuentroinformativo.com.mx\/index.php?rest_route=%2Fwp%2Fv2%2Ftags&post=15312"}],"curies":[{"name":"wp","href":"https:\/\/api.w.org\/{rel}","templated":true}]}}