{"id":1532,"date":"2020-04-02T11:11:09","date_gmt":"2020-04-02T17:11:09","guid":{"rendered":"https:\/\/encuentroinformativo.com\/?p=1532"},"modified":"2020-04-02T11:11:11","modified_gmt":"2020-04-02T17:11:11","slug":"cuic-el-bueno-el-malo-y-el-feo","status":"publish","type":"post","link":"https:\/\/encuentroinformativo.com.mx\/?p=1532","title":{"rendered":"Cuic: El bueno, el malo y el feo"},"content":{"rendered":"\n<p><strong>Los Politicos<\/strong><\/p>\n\n\n\n<p><strong>Salvador Mu\u00f1oz<\/strong><\/p>\n\n\n\n<p>\u00bfC\u00f3mo les va en el #QuedateEnCasa? Los paseos con Nina y Lucky se volvieron arreos\u2026 pip\u00ed y (fuchi) caca para un \u201ccaminen, caminen, vamos de nuevo a la casa\u201d. Quiz\u00e1s por all\u00ed un saludo al vecino que saca al canino a hacer sus \u201cnecesidades\u201d, pero eso s\u00ed, de lejitos el buenos d\u00edas, tardes o noche, seg\u00fan corresponda. Me preocupa el aislamiento.<\/p>\n\n\n\n<p>Una buena nueva: Este mi\u00e9rcoles, autoridades municipales \u201cclausuraron\u201d los juegos infantiles del parque que cada tarde era atiborrado por ni\u00f1os que con sus madres, padres y hasta abuelos, eran llevados a esta \u00e1rea para que los escuincles no se aburran en su casa&#8230; tomo fotos del asunto justo cuando un se\u00f1or llega con su hijo de aproximados cinco a\u00f1os al parque\u2026 algo alcanzo a escuchar de que le dice que no puede jugar\u2026 al continuar la vuelta, ya el ni\u00f1o est\u00e1 en el \u00e1rea de aparatos de ejercicio que no fueron \u201cclasurados\u201d&#8230; s\u00ed, aparte de ocuparlos para ejercitarse, muchos ni\u00f1os los utilizan para echar a volar la imaginaci\u00f3n y jugar all\u00ed, adem\u00e1s de que igual son usados para los arrumacos propios de los enamorados\u2026 \u00e9sos tambi\u00e9n le echan imaginaci\u00f3n para acomodarse unos buenos arrimones&#8230;<\/p>\n\n\n\n<p>La otra noche vimos \u201cHab\u00eda una vez en Hollywood\u201d&#8230; Quentin Tarantino me hizo recordar varios programas de mis 70, como \u201cCombate\u201d o \u201cEl Avisp\u00f3n Verde\u201d, aunque si se trata de cine, \u00a1qu\u00e9 tal el \u201cSpaghetti Western\u201d del que tanto reniega el protagonista de esta pel\u00edcula! All\u00ed record\u00e9 a Terence Hill y Bud Spencer, as\u00ed como el cl\u00e1sico de \u201cEl Bueno, el Malo y el Feo\u201d&#8230;<\/p>\n\n\n\n<p>Por cierto, hablando del \u201cBueno, el Malo y el Feo\u201d, este mi\u00e9rcoles, el tema sobre la mesa, fue \u201cla aprobaci\u00f3n ant\u00e1rtica\u201d de Cuitl\u00e1huac Garc\u00eda Jim\u00e9nez\u2026 es \u201cAnt\u00e1rtica\u201d porque por un lado, en t\u00e9rminos de inseguridad, en Veracruz amanecemos \u201cmenos 1\u201d, \u201cmenos 2\u201d, \u201cmenos tres\u201d, etc\u00e9tera\u2026 y por otro lado, por lo fr\u00edo que lo tienen los veracruzanos de acuerdo a la encuesta \u00faltima que realiz\u00f3 Arias Consultores con respecto a la actuaci\u00f3n de los Gobernadores frente al Coronavirus\u2026 \u00a1est\u00e1 en el \u00faltimo lugar!<\/p>\n\n\n\n<p>Dos verbos: Aprobar y Confiar. Dos preguntas: Si se aprueban las acciones emprendidas por el Gobernador Cuitl\u00e1huac frente a la Epidemia; si conf\u00edan en que Cuitl\u00e1huac sacar\u00e1 adelante a Veracruz frente al Coronavirus\u2026<\/p>\n\n\n\n<p>El 8.8 lo aprob\u00f3; el 8.4 confia en \u00e9l\u2026 \u00bfles cuento qu\u00e9 piensa el resto?<\/p>\n\n\n\n<p>Algunos morenos que han estado cerca de Cuitl\u00e1huac, me aseguran que \u00e9ste es una buena persona, bien intencionada\u2026<\/p>\n\n\n\n<p>Es curioso, pero gente que no tiene nada que ver con pol\u00edtica, ciudadanos, vecinos, no recuerdan a un Gobernador tan malo como Cuitl\u00e1huac \u00a1vamos! para que haga olvidar a Javier Duarte \u00a1est\u00e1 cabr\u00f3n!<\/p>\n\n\n\n<p>Es m\u00e1s, junto con L\u00f3pez Obrador y Cuauht\u00e9moc Blanco pareciera que estuvieran viviendo el cuarto o quinto a\u00f1o de Gobierno porque su declive es m\u00e1s vertiginoso que descenso en Monta\u00f1a Rusa\u2026<\/p>\n\n\n\n<p>\u00a1Vamos! No se trata de ser antigobierno, antimoreno, antiAMLO o AntiCuic\u2026 basta o\u00edrlos, enfrentar un suceso, para que generen frustraci\u00f3n, decepci\u00f3n, molestia por acabar siendo la genial contradicci\u00f3n de lo perfecto; y conste, sabemos que no hay alguien perfecto, pero la pretensi\u00f3n de serlo en ellos para acabar en una incongruencia, \u00a1fastidia! Por eso prefiero recomendarles para esta Cuarentena, no \u201cEl Bueno, el Malo y el Feo\u201d, que con Cuitl\u00e1huac ya tenemos, sino \u201cHab\u00eda una vez en Hollywood\u201d&#8230; imaginen que el final casi me hace llorar\u2026 aunque no tanto como el papel de Cuitl\u00e1huac ante esta pandemia\u2026<br><\/p>\n\n\n\n<p><a href=\"mailto:smcainito@gmail.com\" target=\"_blank\" rel=\"noreferrer noopener\">smcainito@gmail.com<\/a><\/p>\n","protected":false},"excerpt":{"rendered":"<p>Los Politicos Salvador Mu\u00f1oz \u00bfC\u00f3mo les va en el #QuedateEnCasa? Los paseos con Nina y Lucky se volvieron arreos\u2026 pip\u00ed y (fuchi) caca para un \u201ccaminen, caminen, vamos de nuevo a la casa\u201d. Quiz\u00e1s por all\u00ed un saludo al vecino que saca al canino a hacer sus \u201cnecesidades\u201d, pero eso s\u00ed, de lejitos el buenos [&hellip;]<\/p>\n","protected":false},"author":1,"featured_media":387,"comment_status":"open","ping_status":"open","sticky":false,"template":"","format":"standard","meta":{"_jetpack_memberships_contains_paid_content":false,"footnotes":""},"categories":[11],"tags":[],"class_list":["post-1532","post","type-post","status-publish","format-standard","has-post-thumbnail","hentry","category-opinion"],"jetpack_featured_media_url":"https:\/\/encuentroinformativo.com.mx\/wp-content\/uploads\/2020\/03\/7CF8A22B-2764-47BE-8F7F-38FE9E5D6A2F.jpeg","jetpack_sharing_enabled":true,"jetpack_likes_enabled":true,"amp_enabled":true,"_links":{"self":[{"href":"https:\/\/encuentroinformativo.com.mx\/index.php?rest_route=\/wp\/v2\/posts\/1532","targetHints":{"allow":["GET"]}}],"collection":[{"href":"https:\/\/encuentroinformativo.com.mx\/index.php?rest_route=\/wp\/v2\/posts"}],"about":[{"href":"https:\/\/encuentroinformativo.com.mx\/index.php?rest_route=\/wp\/v2\/types\/post"}],"author":[{"embeddable":true,"href":"https:\/\/encuentroinformativo.com.mx\/index.php?rest_route=\/wp\/v2\/users\/1"}],"replies":[{"embeddable":true,"href":"https:\/\/encuentroinformativo.com.mx\/index.php?rest_route=%2Fwp%2Fv2%2Fcomments&post=1532"}],"version-history":[{"count":1,"href":"https:\/\/encuentroinformativo.com.mx\/index.php?rest_route=\/wp\/v2\/posts\/1532\/revisions"}],"predecessor-version":[{"id":1533,"href":"https:\/\/encuentroinformativo.com.mx\/index.php?rest_route=\/wp\/v2\/posts\/1532\/revisions\/1533"}],"wp:featuredmedia":[{"embeddable":true,"href":"https:\/\/encuentroinformativo.com.mx\/index.php?rest_route=\/wp\/v2\/media\/387"}],"wp:attachment":[{"href":"https:\/\/encuentroinformativo.com.mx\/index.php?rest_route=%2Fwp%2Fv2%2Fmedia&parent=1532"}],"wp:term":[{"taxonomy":"category","embeddable":true,"href":"https:\/\/encuentroinformativo.com.mx\/index.php?rest_route=%2Fwp%2Fv2%2Fcategories&post=1532"},{"taxonomy":"post_tag","embeddable":true,"href":"https:\/\/encuentroinformativo.com.mx\/index.php?rest_route=%2Fwp%2Fv2%2Ftags&post=1532"}],"curies":[{"name":"wp","href":"https:\/\/api.w.org\/{rel}","templated":true}]}}