{"id":15324,"date":"2021-06-16T09:14:35","date_gmt":"2021-06-16T14:14:35","guid":{"rendered":"https:\/\/encuentroinformativo.com.mx\/?p=15324"},"modified":"2021-06-16T09:14:39","modified_gmt":"2021-06-16T14:14:39","slug":"caron-cuic-y-raymundo","status":"publish","type":"post","link":"https:\/\/encuentroinformativo.com.mx\/?p=15324","title":{"rendered":"Car\u00f3n, Cuic y Raymundo"},"content":{"rendered":"\n<p><strong>Los Pol\u00edticos<\/strong><\/p>\n\n\n\n<p><strong>Salvador Mu\u00f1oz<\/strong><\/p>\n\n\n\n<p>La bancada de Morena en esta LXV Legislatura ha sido criticada, vapuleada, tanto en este espacio por quien escribe, como fuera de \u00e9l por diversos actores pol\u00edticos. \u00a1Vamos! El papel desempe\u00f1ado por sus legisladores fue m\u00e1s deprimente que un cond\u00f3n en la bolsa de un abuelo de 90 a\u00f1os. Por supuesto, no generalizamos, pero un alto n\u00famero, m\u00e1s que tribunos, parec\u00edan porra. Para el jefe de bancada, sin duda, debieron ser muy complicados los dos a\u00f1os y cacho al frente de un grupo numeroso de entusiastas morenos pero, se insiste, muchos de ellos, sin roce ni quehacer pol\u00edtico\u2026 hab\u00eda que aplicar una estrategia diferente: en el Palacio de Encanto, usar el poder de la Mayor\u00eda sin empacho alguno, y fuera de \u00e9l, ejercer el poder de la gestor\u00eda\u2026 as\u00ed, se ten\u00eda a G\u00f3mez Cazar\u00edn acompa\u00f1ando a sus diputados que por el norte, por el centro, por el sur, por todos lados\u2026 el resultado: de 16 diputados que buscaron reelegirse o compitieron por la presidencia municipal, s\u00f3lo una no logr\u00f3 el triunfo\u2026 en pocas palabras, fue un gran \u00e9xito la apuesta del Car\u00f3n.<\/p>\n\n\n\n<p><strong>II<\/strong><\/p>\n\n\n\n<p>Amado Cruz Malpica, Coatza; Raymundo Andrade Rivera, Coatepec; Jos\u00e9 Manuel Pozos Castro, Tuxpan; Eric Dom\u00ednguez V\u00e1zquez, Papantla; Mar\u00eda Esther L\u00f3pez Callejas, Actopan; Leonel Herrera Zapata, \u00darsulo Galv\u00e1n y Nah\u00fam Alvarez, en Ixtac, son los diputados que pasan de una curul a una silla presidencial municipal.<\/p>\n\n\n\n<p>Por su parte, Mar\u00eda Esther L\u00f3pez Callejas repite como diputada en Mart\u00ednez de la Torre; Jessica Ram\u00edrez Cisneros, Mina; Margarita Corro Mendoza, Cosamaloapan; Elizabeth Cervantes Cruz (que dicho sea de paso, va de Pluri a Uni, lo que bien vale la pena reconocerle) en Alamo; Magaly Armenta gana en Cosoleacaque; Rosalinda Galindo en el distrito de Xalapa 10; Maleno Rosales, en Medell\u00edn\u2026 \u00a1ah! Ana Miriam si bien igual se reeligi\u00f3, fue abanderada del PT, pero est\u00e1 en el redil del Car\u00f3n.<\/p>\n\n\n\n<p>\u00bfCu\u00e1ndo se hab\u00eda visto tremenda efectividad en la preferencia electoral de una bancada legislativa? S\u00ed, en los a\u00f1os gloriosos del PRI\u2026&nbsp;<\/p>\n\n\n\n<p><strong>III<\/strong><\/p>\n\n\n\n<p>Sea como sea, desde el Congreso local, Juan Javier G\u00f3mez Cazar\u00edn entrega buenas cuentas al Gobernador que anda como totol esponjado\u2026 ya anda por Xico, ya anda por Rinconada, pase\u00e1ndose por las plazas Fif\u00eds de la zona conurbada del Puerto y ya se reuni\u00f3 con los tres alcaldes electos de la otra zona conurbada, la de Xalapa: Emiliano Zapata, San Andr\u00e9s Tlalnelhuayocan y Coatepec. Por supuesto, si tuviera \u201cfilin\u201d, sensibilidad pol\u00edtica, tacto y colmillo, qu\u00e9 bien se habr\u00eda visto si all\u00ed tambi\u00e9n hubiera llegado el alcalde electo de Banderilla, pues dijeran por all\u00ed, tambi\u00e9n es Veracruz y tambi\u00e9n es zona conurbada. \u00a1Ah bueno! pero all\u00ed como gan\u00f3 el PRD, \u00a1fuchi caca!\u2026 pero de las carencias del Cuic no tienen la culpa Erick Ruiz, Ricardo Ahued, Fanny Mu\u00f1oz o Raymundo Andrade, quienes al final, tendr\u00e1n que ver por las necesidades propias de sus ciudadanos y por el de sus vecinos\u2026<\/p>\n\n\n\n<p><strong>IV<\/strong><\/p>\n\n\n\n<p>Caso particular es el de Coatepec, donde en dicha reuni\u00f3n, hubo cuatro puntos a destacar y a desarrollar en lo que viene de la administraci\u00f3n de Raymundo Andrade Rivera: seguridad, limpia p\u00fablica, vialidad y ecoturismo.<\/p>\n\n\n\n<p>En el caso de Seguridad, Raymundo en sus recorridos como diputado as\u00ed como de candidato, escuch\u00f3 una constante de los ciudadanos que se pudiera resumir as\u00ed: \u201cNo hagan nada, pero s\u00ed hagan algo por la seguridad\u201d. No es s\u00f3lo este Pueblo M\u00e1gico, son sus comunidades como tambi\u00e9n lo son sus municipios vecinos.<\/p>\n\n\n\n<p>En el caso de Limpia P\u00fablica, ayude el lector a entenderlo mejor con este ejemplo: Imagine que en su casa s\u00f3lo utiliza un bote de basura para sus desechos el cual est\u00e1 en el patio. Entonces, cada vez que sale del ba\u00f1o, atraviesa rec\u00e1mara, sala, comedor, cocina, y llega al patio para all\u00ed dejar la basura\u2026 Coatepec est\u00e1 igual en estos momentos con un solo carro recolector de basura\u2026 habr\u00e1 que conocer el reciente parque vehicular que haya adquirido el Gobierno municipal, si fue en funci\u00f3n de los ciudadanos o en funci\u00f3n de la comodidad de sus autoridades\u2026<\/p>\n\n\n\n<p>En el caso de vialidad, Raymundo buscar\u00e1 darle vida a ese libramiento y obrar un milagro en ese tramo que a veces se hace intransitable para llegar al centro de Coatepec.<\/p>\n\n\n\n<p>En el caso de Ecoturismo, teniendo tanto que ofrecer a los visitantes y a la misma poblaci\u00f3n local, primero tendr\u00e1 que resolver los tres primeros\u2026<\/p>\n\n\n\n<p>Hay mucho quehacer en Coatepec y cr\u00e9anlo\u2026 Raymundo llegar\u00e1 con la escoba desenvainada&#8230;<\/p>\n\n\n\n<p><br><a href=\"mailto:smcainito@gmail.com\" target=\"_blank\" rel=\"noreferrer noopener\">smcainito@gmail.com<\/a><\/p>\n","protected":false},"excerpt":{"rendered":"<p>Los Pol\u00edticos Salvador Mu\u00f1oz La bancada de Morena en esta LXV Legislatura ha sido criticada, vapuleada, tanto en este espacio por quien escribe, como fuera de \u00e9l por diversos actores pol\u00edticos. \u00a1Vamos! El papel desempe\u00f1ado por sus legisladores fue m\u00e1s deprimente que un cond\u00f3n en la bolsa de un abuelo de 90 a\u00f1os. Por supuesto, [&hellip;]<\/p>\n","protected":false},"author":1,"featured_media":70,"comment_status":"open","ping_status":"open","sticky":false,"template":"","format":"standard","meta":{"_jetpack_memberships_contains_paid_content":false,"footnotes":""},"categories":[11],"tags":[],"class_list":["post-15324","post","type-post","status-publish","format-standard","has-post-thumbnail","hentry","category-opinion"],"jetpack_featured_media_url":"https:\/\/encuentroinformativo.com.mx\/wp-content\/uploads\/2020\/02\/opinion-invitado.jpg","jetpack_sharing_enabled":true,"jetpack_likes_enabled":true,"amp_enabled":true,"_links":{"self":[{"href":"https:\/\/encuentroinformativo.com.mx\/index.php?rest_route=\/wp\/v2\/posts\/15324","targetHints":{"allow":["GET"]}}],"collection":[{"href":"https:\/\/encuentroinformativo.com.mx\/index.php?rest_route=\/wp\/v2\/posts"}],"about":[{"href":"https:\/\/encuentroinformativo.com.mx\/index.php?rest_route=\/wp\/v2\/types\/post"}],"author":[{"embeddable":true,"href":"https:\/\/encuentroinformativo.com.mx\/index.php?rest_route=\/wp\/v2\/users\/1"}],"replies":[{"embeddable":true,"href":"https:\/\/encuentroinformativo.com.mx\/index.php?rest_route=%2Fwp%2Fv2%2Fcomments&post=15324"}],"version-history":[{"count":1,"href":"https:\/\/encuentroinformativo.com.mx\/index.php?rest_route=\/wp\/v2\/posts\/15324\/revisions"}],"predecessor-version":[{"id":15325,"href":"https:\/\/encuentroinformativo.com.mx\/index.php?rest_route=\/wp\/v2\/posts\/15324\/revisions\/15325"}],"wp:featuredmedia":[{"embeddable":true,"href":"https:\/\/encuentroinformativo.com.mx\/index.php?rest_route=\/wp\/v2\/media\/70"}],"wp:attachment":[{"href":"https:\/\/encuentroinformativo.com.mx\/index.php?rest_route=%2Fwp%2Fv2%2Fmedia&parent=15324"}],"wp:term":[{"taxonomy":"category","embeddable":true,"href":"https:\/\/encuentroinformativo.com.mx\/index.php?rest_route=%2Fwp%2Fv2%2Fcategories&post=15324"},{"taxonomy":"post_tag","embeddable":true,"href":"https:\/\/encuentroinformativo.com.mx\/index.php?rest_route=%2Fwp%2Fv2%2Ftags&post=15324"}],"curies":[{"name":"wp","href":"https:\/\/api.w.org\/{rel}","templated":true}]}}