{"id":15326,"date":"2021-06-16T09:21:53","date_gmt":"2021-06-16T14:21:53","guid":{"rendered":"https:\/\/encuentroinformativo.com.mx\/?p=15326"},"modified":"2021-06-16T09:21:56","modified_gmt":"2021-06-16T14:21:56","slug":"los-yunes-y-su-tigre","status":"publish","type":"post","link":"https:\/\/encuentroinformativo.com.mx\/?p=15326","title":{"rendered":"LOS YUNES Y SU TIGRE"},"content":{"rendered":"\n<p><strong>@pablojair<\/strong><\/p>\n\n\n\n<ul class=\"wp-block-list\"><li>Bajaron secuestros en Veracruz: Miranda de Wallace.<\/li><li>Xico se queda sin &#8220;xique\u00f1ada&#8221;\u2026 \u00bfy sin banco?<\/li><li>Se suicida mando naval originario de Veracruz<\/li><\/ul>\n\n\n\n<p>Lo de Cristiano Ronaldo debe ser ejemplo de mejores seres humanos preocup\u00e1ndose por otros, no como los est\u00fapidos &#8220;influencers&#8221;.<br>&#8211;Chopenjawer<\/p>\n\n\n\n<p>Todo indica que va para largo el asunto judicial contra el fallido aspirante a la gubernatura y alcald\u00eda de Veracruz, Miguel \u00c1ngel Yunes M\u00e1rquez.<\/p>\n\n\n\n<p>Hubo quienes pensaron que el asunto terminar\u00eda una vez celebradas las elecciones del 6 de junio cuando aparentemente gan\u00f3 su esposa la Presidencia Municipal del puerto, a quien puso de \u00faltima hora como candidata.<\/p>\n\n\n\n<p>El proceso sigue y Yunes s\u00f3lo dar largas a un asunto que ya arranc\u00f3.<\/p>\n\n\n\n<p>De hecho, se recuerda que el mismo Yunes M\u00e1rquez habr\u00eda dicho a sus cercanos que no iban a tener los tanates para bajarlo de la candidatura a la alcald\u00eda\u2026 pero as\u00ed ocurri\u00f3, as\u00ed fue: lo bajaron y hasta tiene senda denuncia por querer pasarse de listo falseando documentos para mentir sobre su residencia efectiva.<\/p>\n\n\n\n<p>Yunes M\u00e1rquez inevitablemente tendr\u00e1 que dar la cara ante un juez\u2026 o fugarse. Otro escenario es que podr\u00eda ser entambado.<\/p>\n\n\n\n<p>Quiz\u00e1s nadie se ha dado cuenta, pero se est\u00e1 viviendo algo in\u00e9dito en la historia pol\u00edtica de Veracruz: se judicializ\u00f3 a un Yunes. Hay un caso legal contra el que se supone era el personaje m\u00e1s visible para heredar el legado de su padre, el exgobernador Miguel \u00c1ngel Yunes Linares. Ni siquiera en los tiempos del priato se hab\u00edan atrevido a ponerle un pelo a un miembro de esa familia.<\/p>\n\n\n\n<p>Y aunque la situaci\u00f3n va lenta (la justicia en M\u00e9xico as\u00ed es) llegar\u00e1 un momento en que quiz\u00e1s se repita el mismo escenario de Jorge Winckler cuando fue depuesto de la Fiscal\u00eda General del Estado a\u00fan cuando parec\u00eda haberse librado de los juicios pol\u00edticos en su contra.<\/p>\n\n\n\n<p>A Winckler lo bajaron del poder y hoy lo persigue un delito de tortura que no expira, por lo que tendr\u00e1 que regresar alg\u00fan d\u00eda a entregarse a la justicia o ser\u00e1 capturado o de plano vivir\u00e1 en el exilio y escondido por siempre o hasta que llegue alguien a perdonarlo en la Presidencia de la Rep\u00fablica. (Por cierto, Winckler lleg\u00f3 a ser fan de L\u00f3pez Obrador en sus redes sociales).<\/p>\n\n\n\n<p>Quiz\u00e1s el caso de Yunes M\u00e1rquez no es tan grave, pero no le ayuda en nada evadir la justicia ni andarle rascando los test\u00edculos al tigre.<\/p>\n\n\n\n<p>Claro, tampoco es tonto para presentarse ante un juzgado porque sabe que le podr\u00edan aplicar la que su famoso padre aplicaba a sus enemigos pol\u00edticos del Duartismo: que sin decir &#8220;agua va&#8221; los apa\u00f1aban cuando iban a firmar o a declarar y los terminaban encarcelando.<\/p>\n\n\n\n<p>&#8220;Miguel Chiquito&#8221; sabe que le pueden aplicar la receta anterior, pero que adem\u00e1s no tiene ya una fuerza como para movilizar al estado y crear una megamanifestaci\u00f3n a su favor.<\/p>\n\n\n\n<p>De hecho las recientes elecciones &#8211;donde arras\u00f3 Morena&#8211; s\u00f3lo confirman una p\u00e9rdida de influencia tremenda, un desencanto entre muchos de sus pasados simpatizantes. Sus aliados ya son pocos (el grupo que tiene el control del PAN estatal de plano no jala con los Yunes); y a los que les gusta el mitote, los perredistas, de plano sus l\u00edderes est\u00e1n encarcelados o con poco poder porque no lograron posicionarse en las municipales, como el caso de los Mancha-Franco, en Tuxpan.<\/p>\n\n\n\n<p>Los Yunes saben que es dif\u00edcil enfrentarse a todo el aparato del sistema\/gobierno (por algo el patriarca se desapareci\u00f3 del mapa). De entrada, el que le hayan tumbado la candidatura a \u201cMiguel Chiquito\u201d es algo que quiz\u00e1s no le hubieran hecho si continuaran siendo protegidos por el poder, como ocurr\u00eda con el secretario de Gobernaci\u00f3n, Miguel \u00c1ngel Osorio Chong.<\/p>\n\n\n\n<p>Lo interesante en los d\u00edas por venir es qu\u00e9 pasar\u00eda si entonces van con todo para detener a los hermanitos Yunes M\u00e1rquez, pues uno no tarda en perder fuero y el otro tendr\u00e1 que responder por los presuntos delitos.<\/p>\n\n\n\n<p>En ese escenario, la que queda vulnerable es la virtual alcaldesa, que en una de esas s\u00f3lo se sac\u00f3 la rifa del tigre mientras los hermanitos andar\u00e1n buscando salvarse el pescuezo.<\/p>\n\n\n\n<p><strong>NOTA PARA PEGAR EN EL REFRI:<\/strong> Entre enero y mayo de 2021, los secuestros disminuyeron 43.8 por ciento a nivel estatal, en comparaci\u00f3n con el mismo periodo del a\u00f1o anterior, al pasar de 105 casos a 59, de acuerdo con cifras de la organizaci\u00f3n &#8220;Alto al Secuestro&#8221;, encabezada por la activista Isabel Miranda de Wallace. Durante los primeros cinco meses de 2020, Veracruz se encontraba dentro de las cinco entidades con la mayor incidencia en este delito al contar con 105 casos; Estado de M\u00e9xico, con 89; Morelos, con 32; Ciudad de M\u00e9xico, con 21; y Zacatecas, con 19. No obstante, en el mismo lapso para este 2021 baj\u00f3 al segundo lugar y con una importante reducci\u00f3n de casos: Estado de M\u00e9xico, con 69 secuestros; Veracruz, con 59; Sonora, Guanajuato y Jalisco, con 21 cada uno.<\/p>\n\n\n\n<p><strong>OTRA NOTA: <\/strong>Pues que no habr\u00e1 \u201cxique\u00f1ada\u201d, la tradicional fiesta que se realiza en el Pueblo M\u00e1gico de Xico donde se re\u00fane una gran cantidad de gente de lugares cercanos (y hasta del extranjero) para &#8211;supuestamente&#8211; celebrar a la patrona Santa Mar\u00eda Magdalena\u2026 Seg\u00fan el Ayuntamiento, es para evitar los contagios del Coronavirus, pero curiosamente, en el pico m\u00e1s elevado de la pandemia, la alcaldesa Gloria Luz Galv\u00e1n Ordu\u00f1a permiti\u00f3 que se hicieran eventos masivos sin ninguna consideraci\u00f3n seg\u00fan para incentivar la econom\u00eda, pero en realidad era para promover a su hija Carolina a la alcald\u00eda, quien finalmente perdi\u00f3\u2026 La medida de cancelar no es mala (de hecho es necesaria), pero al final de cuentas se descubre que una cosa son los tiempos de campa\u00f1a y otra es lo postelectoral, y que la salud de sus gobernados era algo que le ven\u00eda valiendo cacahuate a la edil\u2026 Por cierto, tambi\u00e9n existe el rumor de que el \u00fanico banco de la cabecera municipal, BBVA, no tarda en cerrar.<\/p>\n\n\n\n<p><strong>LA \u00daLTIMA PORQUE LELE BACHITO: <\/strong>A un a\u00f1o de haber tomado posesi\u00f3n como comandante de la II Regi\u00f3n Naval con sede en Ensenada, el Almirante Cuerpo General Diplomado de Estado Mayor, Hilario Dur\u00e1n Tiburcio, al parecer se quit\u00f3 la vida la tarde de este martes 15 de junio. Dur\u00e1n Tiburcio tom\u00f3 protesta el 15 de junio de 2020, era originario del Puerto de Veracruz, graduado Ingeniero en Ciencias Navales en la Heroica Escuela Naval Militar, con maestr\u00edas en Administraci\u00f3n Naval y Seguridad Nacional.<\/p>\n","protected":false},"excerpt":{"rendered":"<p>@pablojair Bajaron secuestros en Veracruz: Miranda de Wallace. Xico se queda sin &#8220;xique\u00f1ada&#8221;\u2026 \u00bfy sin banco? Se suicida mando naval originario de Veracruz Lo de Cristiano Ronaldo debe ser ejemplo de mejores seres humanos preocup\u00e1ndose por otros, no como los est\u00fapidos &#8220;influencers&#8221;.&#8211;Chopenjawer Todo indica que va para largo el asunto judicial contra el fallido aspirante [&hellip;]<\/p>\n","protected":false},"author":1,"featured_media":488,"comment_status":"open","ping_status":"open","sticky":false,"template":"","format":"standard","meta":{"_jetpack_memberships_contains_paid_content":false,"footnotes":""},"categories":[11],"tags":[],"class_list":["post-15326","post","type-post","status-publish","format-standard","has-post-thumbnail","hentry","category-opinion"],"jetpack_featured_media_url":"https:\/\/encuentroinformativo.com.mx\/wp-content\/uploads\/2020\/03\/F471F608-BA1A-416B-BA7B-BCFB24F4E6D0.jpeg","jetpack_sharing_enabled":true,"jetpack_likes_enabled":true,"amp_enabled":true,"_links":{"self":[{"href":"https:\/\/encuentroinformativo.com.mx\/index.php?rest_route=\/wp\/v2\/posts\/15326","targetHints":{"allow":["GET"]}}],"collection":[{"href":"https:\/\/encuentroinformativo.com.mx\/index.php?rest_route=\/wp\/v2\/posts"}],"about":[{"href":"https:\/\/encuentroinformativo.com.mx\/index.php?rest_route=\/wp\/v2\/types\/post"}],"author":[{"embeddable":true,"href":"https:\/\/encuentroinformativo.com.mx\/index.php?rest_route=\/wp\/v2\/users\/1"}],"replies":[{"embeddable":true,"href":"https:\/\/encuentroinformativo.com.mx\/index.php?rest_route=%2Fwp%2Fv2%2Fcomments&post=15326"}],"version-history":[{"count":1,"href":"https:\/\/encuentroinformativo.com.mx\/index.php?rest_route=\/wp\/v2\/posts\/15326\/revisions"}],"predecessor-version":[{"id":15327,"href":"https:\/\/encuentroinformativo.com.mx\/index.php?rest_route=\/wp\/v2\/posts\/15326\/revisions\/15327"}],"wp:featuredmedia":[{"embeddable":true,"href":"https:\/\/encuentroinformativo.com.mx\/index.php?rest_route=\/wp\/v2\/media\/488"}],"wp:attachment":[{"href":"https:\/\/encuentroinformativo.com.mx\/index.php?rest_route=%2Fwp%2Fv2%2Fmedia&parent=15326"}],"wp:term":[{"taxonomy":"category","embeddable":true,"href":"https:\/\/encuentroinformativo.com.mx\/index.php?rest_route=%2Fwp%2Fv2%2Fcategories&post=15326"},{"taxonomy":"post_tag","embeddable":true,"href":"https:\/\/encuentroinformativo.com.mx\/index.php?rest_route=%2Fwp%2Fv2%2Ftags&post=15326"}],"curies":[{"name":"wp","href":"https:\/\/api.w.org\/{rel}","templated":true}]}}