{"id":15328,"date":"2021-06-16T11:05:50","date_gmt":"2021-06-16T16:05:50","guid":{"rendered":"https:\/\/encuentroinformativo.com.mx\/?p=15328"},"modified":"2021-06-16T11:05:53","modified_gmt":"2021-06-16T16:05:53","slug":"reprueban-animalistas-retorno-de-peleas-de-gallos","status":"publish","type":"post","link":"https:\/\/encuentroinformativo.com.mx\/?p=15328","title":{"rendered":"Reprueban animalistas retorno de peleas de gallos"},"content":{"rendered":"\n<p><strong>Juan Arcos <\/strong><\/p>\n\n\n\n<p>Xalapa, Ver.- Animalistas de Veracruz consideraron \u201cindignante\u201d que el diputado local Rodrigo Garc\u00eda Escalante presentara una iniciativa para legalizar las peleas de gallos en la entidad.<\/p>\n\n\n\n<p>Los defensores de los animales opinaron que el Legislador del Partido Acci\u00f3n Nacional (PAN) pareciera estar ocupando la curul para favorecer intereses personales.<\/p>\n\n\n\n<p>De acuerdo con Lourdes Jim\u00e9nez Mora, coordinadora de Proyecto Arpa, la mayor\u00eda de las veracruzanas y veracruzanos est\u00e1n en contra de estas actividades que promueven la violencia.<\/p>\n\n\n\n<p>\u201cComo recordar\u00e1s los ciudadanos se manifiestan y lo hacen de una forma muy clara, no estamos a favor de la violencia, creemos que nuevamente va a pasar lo mismo. Por supuesto, nosotros haremos los posicionamientos al respecto, pero por lo pronto sabemos que la gente no va a permitir este tipo de regresiones\u201d.<\/p>\n\n\n\n<p>En la sesi\u00f3n legislativa, celebrada la tarde del martes, el Diputado local present\u00f3 una iniciativa de reforma a la Ley de Protecci\u00f3n a los Animales para el Estado de Veracruz, en busca de que las peleas de gallos sean permitidas.<\/p>\n\n\n\n<p>La activista indic\u00f3 que la exposici\u00f3n de motivos de la iniciativa es \u201cpreocupante\u201d, toda vez que se minimiza la importancia del derecho a la salud y al medio ambiente sano.<\/p>\n\n\n\n<p>\u201cSe pueden abrir puertas a actividades que no dan ning\u00fan beneficio a la sociedad, sino solo a unos cuantos y que da\u00f1an en muchas cosas\u201d.<\/p>\n\n\n\n<p>El 26 de julio de 2017, Garc\u00eda Escalante defendi\u00f3 las peleas de gallos y corridas de toros en el estado, cuestionando el porqu\u00e9 estar a favor de que las mujeres aborten y no de las tradiciones mencionadas.<\/p>\n\n\n\n<p>Cabe recordar que, ante los amparos tramitados por organizaciones de galleros, la Suprema Corte de Justicia de la Naci\u00f3n (SCJN) determin\u00f3 la prohibici\u00f3n de las peleas de gallos en el estado de Veracruz, argumentando que el maltrato y la violencia animal no pueden considerarse una expresi\u00f3n cultural.\u00a0<\/p>\n","protected":false},"excerpt":{"rendered":"<p>Juan Arcos Xalapa, Ver.- Animalistas de Veracruz consideraron \u201cindignante\u201d que el diputado local Rodrigo Garc\u00eda Escalante presentara una iniciativa para legalizar las peleas de gallos en la entidad. Los defensores de los animales opinaron que el Legislador del Partido Acci\u00f3n Nacional (PAN) pareciera estar ocupando la curul para favorecer intereses personales. De acuerdo con Lourdes [&hellip;]<\/p>\n","protected":false},"author":1,"featured_media":15329,"comment_status":"open","ping_status":"open","sticky":false,"template":"","format":"standard","meta":{"_jetpack_memberships_contains_paid_content":false,"footnotes":""},"categories":[2],"tags":[],"class_list":["post-15328","post","type-post","status-publish","format-standard","has-post-thumbnail","hentry","category-estado"],"jetpack_featured_media_url":"https:\/\/encuentroinformativo.com.mx\/wp-content\/uploads\/2021\/06\/F49C752B-30A1-4EB8-85D9-6C7B583B54E4.jpeg","jetpack_sharing_enabled":true,"jetpack_likes_enabled":true,"amp_enabled":true,"_links":{"self":[{"href":"https:\/\/encuentroinformativo.com.mx\/index.php?rest_route=\/wp\/v2\/posts\/15328","targetHints":{"allow":["GET"]}}],"collection":[{"href":"https:\/\/encuentroinformativo.com.mx\/index.php?rest_route=\/wp\/v2\/posts"}],"about":[{"href":"https:\/\/encuentroinformativo.com.mx\/index.php?rest_route=\/wp\/v2\/types\/post"}],"author":[{"embeddable":true,"href":"https:\/\/encuentroinformativo.com.mx\/index.php?rest_route=\/wp\/v2\/users\/1"}],"replies":[{"embeddable":true,"href":"https:\/\/encuentroinformativo.com.mx\/index.php?rest_route=%2Fwp%2Fv2%2Fcomments&post=15328"}],"version-history":[{"count":1,"href":"https:\/\/encuentroinformativo.com.mx\/index.php?rest_route=\/wp\/v2\/posts\/15328\/revisions"}],"predecessor-version":[{"id":15330,"href":"https:\/\/encuentroinformativo.com.mx\/index.php?rest_route=\/wp\/v2\/posts\/15328\/revisions\/15330"}],"wp:featuredmedia":[{"embeddable":true,"href":"https:\/\/encuentroinformativo.com.mx\/index.php?rest_route=\/wp\/v2\/media\/15329"}],"wp:attachment":[{"href":"https:\/\/encuentroinformativo.com.mx\/index.php?rest_route=%2Fwp%2Fv2%2Fmedia&parent=15328"}],"wp:term":[{"taxonomy":"category","embeddable":true,"href":"https:\/\/encuentroinformativo.com.mx\/index.php?rest_route=%2Fwp%2Fv2%2Fcategories&post=15328"},{"taxonomy":"post_tag","embeddable":true,"href":"https:\/\/encuentroinformativo.com.mx\/index.php?rest_route=%2Fwp%2Fv2%2Ftags&post=15328"}],"curies":[{"name":"wp","href":"https:\/\/api.w.org\/{rel}","templated":true}]}}