{"id":15331,"date":"2021-06-16T11:39:04","date_gmt":"2021-06-16T16:39:04","guid":{"rendered":"https:\/\/encuentroinformativo.com.mx\/?p=15331"},"modified":"2021-06-16T11:39:08","modified_gmt":"2021-06-16T16:39:08","slug":"por-pandemia-prohiben-realizar-fiestas-patronales","status":"publish","type":"post","link":"https:\/\/encuentroinformativo.com.mx\/?p=15331","title":{"rendered":"Por pandemia, proh\u00edben realizar fiestas patronales"},"content":{"rendered":"\n<p><strong>Juan Arcos <\/strong><\/p>\n\n\n\n<p>Xalapa, Ver.- El gobierno de Veracruz buscar\u00e1 la prohibici\u00f3n de fiestas patronales en los pueblos m\u00e1gicos para evitar la propagaci\u00f3n del SARS-COV-2 (COVID-19).<\/p>\n\n\n\n<p>En los siguientes d\u00edas, autoridades estatales y municipales se reunir\u00e1n para cancelar los festejos que se planeaban realizar en los siguientes meses, donde es constante la concentraci\u00f3n de cientos o miles de personas.<\/p>\n\n\n\n<p>De acuerdo con Sergio Ulises Montes, director de Asuntos Religiosos del gobierno del estado, en la reuni\u00f3n participar\u00edan encargados de la Secretar\u00eda de Salud y de la Secretar\u00eda de Protecci\u00f3n Civil, as\u00ed como las unidades municipales, donde se les solicitar\u00e1 que \u00e9ste a\u00f1o no se lleven a cabo las festividades.<\/p>\n\n\n\n<p>El funcionario estatal mencion\u00f3 que las fiestas patronales contin\u00faan restringidas en la entidad, aunque algunos municipios se encuentren en sem\u00e1foro epidemiol\u00f3gico regional color verde, de bajo riesgo de contagio.<\/p>\n\n\n\n<p>Record\u00f3 que contin\u00faa vigente la recomendaci\u00f3n a la Iglesia Cat\u00f3lica para evitar la realizaci\u00f3n de las fiestas en honor a los santos patronos de cada regi\u00f3n o localidad.<br>Ulises Montes tambi\u00e9n mencion\u00f3 que los comit\u00e9s organizadores, integrados por los mismos pobladores, son quienes han desacatado las recomendaciones sanitarias emitidas por autoridades municipales y estatales.<\/p>\n\n\n\n<p>\u201cEs bajo riesgo de los propios p\u00e1rrocos porque la arquidi\u00f3cesis en s\u00ed tiene prohibida la realizaci\u00f3n de ese tipo de eventos a veces tambi\u00e9n no son tanto los p\u00e1rrocos si no los comit\u00e9s de las comunidades, que ya tienen eso como una tradici\u00f3n y se le imponen a los sacerdotes\u201d, coment\u00f3.<\/p>\n\n\n\n<p>El Director de Asuntos Religiosos exhort\u00f3 nuevamente a los comit\u00e9s municipales de organizaci\u00f3n que cancelen sus preparativos y su convocatoria a peregrinaciones, bailes y otras actividades masivas.<\/p>\n\n\n\n<p>\u201cEl a\u00f1o pasado hubo una resistencia muy fuerte por parte del comit\u00e9 entonces ah\u00ed tendr\u00edamos que platicar con ellos tanto Salud como Protecci\u00f3n Civil y nosotros para llegar a un acuerdo para que no se vaya a generar un rebrote\u201d, enfatiz\u00f3.<\/p>\n\n\n\n<p>Cabe mencionar que en Xico ya fue cancelada la fiesta patronal en honor a Santa Mar\u00eda Magdalena, programada para el d\u00eda 22 de julio; sin embargo, el a\u00f1o pasado se descartaron las recomendaciones y se llevaron a cabo algunos eventos masivos.\u00a0<\/p>\n","protected":false},"excerpt":{"rendered":"<p>Juan Arcos Xalapa, Ver.- El gobierno de Veracruz buscar\u00e1 la prohibici\u00f3n de fiestas patronales en los pueblos m\u00e1gicos para evitar la propagaci\u00f3n del SARS-COV-2 (COVID-19). En los siguientes d\u00edas, autoridades estatales y municipales se reunir\u00e1n para cancelar los festejos que se planeaban realizar en los siguientes meses, donde es constante la concentraci\u00f3n de cientos o [&hellip;]<\/p>\n","protected":false},"author":1,"featured_media":15332,"comment_status":"open","ping_status":"open","sticky":false,"template":"","format":"standard","meta":{"_jetpack_memberships_contains_paid_content":false,"footnotes":""},"categories":[2],"tags":[],"class_list":["post-15331","post","type-post","status-publish","format-standard","has-post-thumbnail","hentry","category-estado"],"jetpack_featured_media_url":"https:\/\/encuentroinformativo.com.mx\/wp-content\/uploads\/2021\/06\/9BF6120A-D88B-4019-9189-D090F2DA61F4.jpeg","jetpack_sharing_enabled":true,"jetpack_likes_enabled":true,"amp_enabled":true,"_links":{"self":[{"href":"https:\/\/encuentroinformativo.com.mx\/index.php?rest_route=\/wp\/v2\/posts\/15331","targetHints":{"allow":["GET"]}}],"collection":[{"href":"https:\/\/encuentroinformativo.com.mx\/index.php?rest_route=\/wp\/v2\/posts"}],"about":[{"href":"https:\/\/encuentroinformativo.com.mx\/index.php?rest_route=\/wp\/v2\/types\/post"}],"author":[{"embeddable":true,"href":"https:\/\/encuentroinformativo.com.mx\/index.php?rest_route=\/wp\/v2\/users\/1"}],"replies":[{"embeddable":true,"href":"https:\/\/encuentroinformativo.com.mx\/index.php?rest_route=%2Fwp%2Fv2%2Fcomments&post=15331"}],"version-history":[{"count":1,"href":"https:\/\/encuentroinformativo.com.mx\/index.php?rest_route=\/wp\/v2\/posts\/15331\/revisions"}],"predecessor-version":[{"id":15333,"href":"https:\/\/encuentroinformativo.com.mx\/index.php?rest_route=\/wp\/v2\/posts\/15331\/revisions\/15333"}],"wp:featuredmedia":[{"embeddable":true,"href":"https:\/\/encuentroinformativo.com.mx\/index.php?rest_route=\/wp\/v2\/media\/15332"}],"wp:attachment":[{"href":"https:\/\/encuentroinformativo.com.mx\/index.php?rest_route=%2Fwp%2Fv2%2Fmedia&parent=15331"}],"wp:term":[{"taxonomy":"category","embeddable":true,"href":"https:\/\/encuentroinformativo.com.mx\/index.php?rest_route=%2Fwp%2Fv2%2Fcategories&post=15331"},{"taxonomy":"post_tag","embeddable":true,"href":"https:\/\/encuentroinformativo.com.mx\/index.php?rest_route=%2Fwp%2Fv2%2Ftags&post=15331"}],"curies":[{"name":"wp","href":"https:\/\/api.w.org\/{rel}","templated":true}]}}