{"id":15334,"date":"2021-06-16T11:56:21","date_gmt":"2021-06-16T16:56:21","guid":{"rendered":"https:\/\/encuentroinformativo.com.mx\/?p=15334"},"modified":"2021-06-16T11:56:25","modified_gmt":"2021-06-16T16:56:25","slug":"elvia-illescas-primera-alcaldesa-panista-que-tendra-tlalixcoyan","status":"publish","type":"post","link":"https:\/\/encuentroinformativo.com.mx\/?p=15334","title":{"rendered":"Elvia Illescas, primera alcaldesa panista que tendr\u00e1 Tlalixcoyan"},"content":{"rendered":"\n<p><strong>Alejandro \u00c1vila<\/strong><\/p>\n\n\n\n<p>Tlalixcoyan, Ver.- Con m\u00e1s de 260 votos de diferencia, el Consejo General del OPLE con sede en Xalapa, valid\u00f3 y reconoci\u00f3 el triunfo de Elvia Illescas Loyo, con lo que se convertir\u00e1 a partir del 2022 en la primer alcaldesa panista que tendr\u00e1 el municipio de Tlalixcoyan en su historia.<\/p>\n\n\n\n<p>En el proceso electoral del pasado 6 de junio, la panista obtuvo un triunfo contundente sobre sus rivales que, a pesar del bloque formado el pasado lunes por los candidatos de PRI, PRD, MORENA y Movimiento Ciudadano, nada pudieron hacer para arrebatarle el triunfo que le dio la ciudadania, toda vez que ya cuenta con el respaldo de todas las actas computadas.<\/p>\n\n\n\n<p>Elvia Illescas se ha caracterizado en su labor desde el DIF Municipal de crear una gran cercan\u00eda con los tlalixcoyanos, logrando crear programas sociales que ahora replicar\u00e1 con mayor fuerza desde su papel como titular de la administraci\u00f3n municipal a partir del 2022.<\/p>\n\n\n\n<p>Apoyos a madres solteras, guarderias, detonaci\u00f3n de empleo en las principales localidades del municipio, creaci\u00f3n del Tianguis Agropecuario, son algunos de los proyectos que present\u00f3 en campa\u00f1a y que cristalizar\u00e1 al tomar protesta como alcaldesa.<\/p>\n","protected":false},"excerpt":{"rendered":"<p>Alejandro \u00c1vila Tlalixcoyan, Ver.- Con m\u00e1s de 260 votos de diferencia, el Consejo General del OPLE con sede en Xalapa, valid\u00f3 y reconoci\u00f3 el triunfo de Elvia Illescas Loyo, con lo que se convertir\u00e1 a partir del 2022 en la primer alcaldesa panista que tendr\u00e1 el municipio de Tlalixcoyan en su historia. En el proceso [&hellip;]<\/p>\n","protected":false},"author":1,"featured_media":15335,"comment_status":"open","ping_status":"open","sticky":false,"template":"","format":"standard","meta":{"_jetpack_memberships_contains_paid_content":false,"footnotes":""},"categories":[2],"tags":[],"class_list":["post-15334","post","type-post","status-publish","format-standard","has-post-thumbnail","hentry","category-estado"],"jetpack_featured_media_url":"https:\/\/encuentroinformativo.com.mx\/wp-content\/uploads\/2021\/06\/4AFFFA2E-BA0E-4C27-AF50-28CDB4DAF927.jpeg","jetpack_sharing_enabled":true,"jetpack_likes_enabled":true,"amp_enabled":true,"_links":{"self":[{"href":"https:\/\/encuentroinformativo.com.mx\/index.php?rest_route=\/wp\/v2\/posts\/15334","targetHints":{"allow":["GET"]}}],"collection":[{"href":"https:\/\/encuentroinformativo.com.mx\/index.php?rest_route=\/wp\/v2\/posts"}],"about":[{"href":"https:\/\/encuentroinformativo.com.mx\/index.php?rest_route=\/wp\/v2\/types\/post"}],"author":[{"embeddable":true,"href":"https:\/\/encuentroinformativo.com.mx\/index.php?rest_route=\/wp\/v2\/users\/1"}],"replies":[{"embeddable":true,"href":"https:\/\/encuentroinformativo.com.mx\/index.php?rest_route=%2Fwp%2Fv2%2Fcomments&post=15334"}],"version-history":[{"count":1,"href":"https:\/\/encuentroinformativo.com.mx\/index.php?rest_route=\/wp\/v2\/posts\/15334\/revisions"}],"predecessor-version":[{"id":15336,"href":"https:\/\/encuentroinformativo.com.mx\/index.php?rest_route=\/wp\/v2\/posts\/15334\/revisions\/15336"}],"wp:featuredmedia":[{"embeddable":true,"href":"https:\/\/encuentroinformativo.com.mx\/index.php?rest_route=\/wp\/v2\/media\/15335"}],"wp:attachment":[{"href":"https:\/\/encuentroinformativo.com.mx\/index.php?rest_route=%2Fwp%2Fv2%2Fmedia&parent=15334"}],"wp:term":[{"taxonomy":"category","embeddable":true,"href":"https:\/\/encuentroinformativo.com.mx\/index.php?rest_route=%2Fwp%2Fv2%2Fcategories&post=15334"},{"taxonomy":"post_tag","embeddable":true,"href":"https:\/\/encuentroinformativo.com.mx\/index.php?rest_route=%2Fwp%2Fv2%2Ftags&post=15334"}],"curies":[{"name":"wp","href":"https:\/\/api.w.org\/{rel}","templated":true}]}}