{"id":15344,"date":"2021-06-16T14:22:08","date_gmt":"2021-06-16T19:22:08","guid":{"rendered":"https:\/\/encuentroinformativo.com.mx\/?p=15344"},"modified":"2021-06-16T14:22:11","modified_gmt":"2021-06-16T19:22:11","slug":"desconoce-alcalde-de-boca-presunto-arresto-en-su-contra","status":"publish","type":"post","link":"https:\/\/encuentroinformativo.com.mx\/?p=15344","title":{"rendered":"Desconoce alcalde de Boca presunto arresto en su contra"},"content":{"rendered":"\n<p><strong>Alejandro \u00c1vila<\/strong><\/p>\n\n\n\n<p>Veracruz, Ver. \u2013 El alcalde de Boca del R\u00edo, Humberto Alonso Morelli, dijo desconocer la informaci\u00f3n sobre un presunto arresto que pesa en su contra, as\u00ed como de la s\u00edndica del Ayuntamiento, Lizeth Le\u00f3n Huesca por desacato de una orden de un Juez Federal.<\/p>\n\n\n\n<p>Este martes circul\u00f3 una nota period\u00edstica donde se asegura que a ambos ediles panistas les fue negado un amparo contra una orden de arresto, por presuntamente haberse negado a reinstalar a un grupo de trabajadores, fallo que fue decretado por el Tribunal de Conciliaci\u00f3n y Arbitraje.<\/p>\n\n\n\n<p>En el expediente 65\/2020 se aclara que el laudo fue dictado en 2019 y por ende deb\u00edan reinstalarse los trabajadores en su \u00e1rea laboral, acci\u00f3n que presuntamente nunca ocurri\u00f3.<\/p>\n\n\n\n<p>\u201cNo s\u00e9 donde sali\u00f3 eso, no tengo la menor idea, no tengo nada que decir porque es totalmente falso (\u2026) es que la verdad no tengo la menor idea, no he visto ni la nota, ni s\u00e9 exactamente de que se trata, pero supongo son temas laborales que tienen much\u00edsimos a\u00f1os, son antes del 2012 o del 2013, no s\u00e9\u201d, expres\u00f3 el edil.<\/p>\n\n\n\n<p>Expuso que todo pleito laboral viene de administraciones anteriores y se encuentran estos en las \u00e1reas jur\u00eddicas del Ayuntamiento, los cuales en estos momentos presentan un proceso normal y contin\u00faan en marcha.<\/p>\n","protected":false},"excerpt":{"rendered":"<p>Alejandro \u00c1vila Veracruz, Ver. \u2013 El alcalde de Boca del R\u00edo, Humberto Alonso Morelli, dijo desconocer la informaci\u00f3n sobre un presunto arresto que pesa en su contra, as\u00ed como de la s\u00edndica del Ayuntamiento, Lizeth Le\u00f3n Huesca por desacato de una orden de un Juez Federal. Este martes circul\u00f3 una nota period\u00edstica donde se asegura [&hellip;]<\/p>\n","protected":false},"author":1,"featured_media":15345,"comment_status":"open","ping_status":"open","sticky":false,"template":"","format":"standard","meta":{"_jetpack_memberships_contains_paid_content":false,"footnotes":""},"categories":[2],"tags":[],"class_list":["post-15344","post","type-post","status-publish","format-standard","has-post-thumbnail","hentry","category-estado"],"jetpack_featured_media_url":"https:\/\/encuentroinformativo.com.mx\/wp-content\/uploads\/2021\/06\/871CBC39-98DA-4870-8FBC-648CE98DE11D.jpeg","jetpack_sharing_enabled":true,"jetpack_likes_enabled":true,"amp_enabled":true,"_links":{"self":[{"href":"https:\/\/encuentroinformativo.com.mx\/index.php?rest_route=\/wp\/v2\/posts\/15344","targetHints":{"allow":["GET"]}}],"collection":[{"href":"https:\/\/encuentroinformativo.com.mx\/index.php?rest_route=\/wp\/v2\/posts"}],"about":[{"href":"https:\/\/encuentroinformativo.com.mx\/index.php?rest_route=\/wp\/v2\/types\/post"}],"author":[{"embeddable":true,"href":"https:\/\/encuentroinformativo.com.mx\/index.php?rest_route=\/wp\/v2\/users\/1"}],"replies":[{"embeddable":true,"href":"https:\/\/encuentroinformativo.com.mx\/index.php?rest_route=%2Fwp%2Fv2%2Fcomments&post=15344"}],"version-history":[{"count":1,"href":"https:\/\/encuentroinformativo.com.mx\/index.php?rest_route=\/wp\/v2\/posts\/15344\/revisions"}],"predecessor-version":[{"id":15346,"href":"https:\/\/encuentroinformativo.com.mx\/index.php?rest_route=\/wp\/v2\/posts\/15344\/revisions\/15346"}],"wp:featuredmedia":[{"embeddable":true,"href":"https:\/\/encuentroinformativo.com.mx\/index.php?rest_route=\/wp\/v2\/media\/15345"}],"wp:attachment":[{"href":"https:\/\/encuentroinformativo.com.mx\/index.php?rest_route=%2Fwp%2Fv2%2Fmedia&parent=15344"}],"wp:term":[{"taxonomy":"category","embeddable":true,"href":"https:\/\/encuentroinformativo.com.mx\/index.php?rest_route=%2Fwp%2Fv2%2Fcategories&post=15344"},{"taxonomy":"post_tag","embeddable":true,"href":"https:\/\/encuentroinformativo.com.mx\/index.php?rest_route=%2Fwp%2Fv2%2Ftags&post=15344"}],"curies":[{"name":"wp","href":"https:\/\/api.w.org\/{rel}","templated":true}]}}