{"id":15347,"date":"2021-06-16T15:08:07","date_gmt":"2021-06-16T20:08:07","guid":{"rendered":"https:\/\/encuentroinformativo.com.mx\/?p=15347"},"modified":"2021-06-16T15:08:11","modified_gmt":"2021-06-16T20:08:11","slug":"hoteleros-esperan-repunte-con-vacaciones-de-verano","status":"publish","type":"post","link":"https:\/\/encuentroinformativo.com.mx\/?p=15347","title":{"rendered":"Hoteleros esperan repunte con vacaciones de verano"},"content":{"rendered":"\n<p><strong>Alejandro \u00c1vila<\/strong><\/p>\n\n\n\n<p>Veracruz, Ver. \u2013 Tras el repunte de visitantes que se tuvo durante la Semana Santa, tomando en cuenta la \u00e9poca de pandemia, se espera que la temporada de verano, que inicia la primera semana de julio y termina la primera semana de agosto, tenga un incremento m\u00e1s alto de ocupaci\u00f3n hotelera y derrama econ\u00f3mica en la zona conurbada, mencion\u00f3 Sergio Lois Heredia, presidente de Consejo Metropolitano de Turismo (COMETUR).<\/p>\n\n\n\n<p>El empresario apunt\u00f3 que este ser\u00e1 el primer verano despu\u00e9s de la etapa m\u00e1s cr\u00edtica de pandemia, y si bien reconocen no tendr\u00e1 los alcances y n\u00famero que hubo anta\u00f1o, la presencia y circulaci\u00f3n de visitantes, ayudar\u00e1 mucho a la recuperaci\u00f3n econ\u00f3mica para uno de los sectores m\u00e1s da\u00f1ados, el de prestadores de servicios tur\u00edsticos.<\/p>\n\n\n\n<p>\u201cEn Semana Santa, tomando en cuenta que lo m\u00e1ximo que pod\u00edamos vender es un 75 por ciento de la capacidad con la que contamos, de ese 75 podr\u00edamos decir, estuvimos en un 70 por ciento promedio, imaginando que ese 75 es el 100. Entonces pues bueno, la realidad es que, para veranos, si bien como son m\u00e1s d\u00edas, es m\u00e1s prolongado no esperamos que exista ese 70, pero s\u00ed dentro de la capacidad que tenemos permitido vender, ojal\u00e1 podamos estar alcanzando alrededor de un 60 por ciento promedio de ocupaci\u00f3n\u201d, apunt\u00f3.<\/p>\n\n\n\n<p>Lois Heredia se\u00f1al\u00f3 que, para este incremento de ventas, una parte muy importante ha sido la vacunaci\u00f3n, que sigue su avance gradual, al tiempo que reconoci\u00f3 exist\u00eda un temor por parte de todos los prestadores de servicios tur\u00edsticos a nivel nacional, de que tras Semana Santa hubiera un incremento de casos de COVID, situaci\u00f3n que afortunadamente no se dio, tal como hab\u00eda sucedido en la pasada \u00e9poca decembrina.<\/p>\n\n\n\n<p>\u201cY bueno, tomando esto en cuenta, para verano creemos que la poblaci\u00f3n de vacunados va a ser mayor, y eso creemos que tambi\u00e9n nos va a ayudar para terminar de consolidar esta recuperaci\u00f3n que ya estamos viviendo\u201d, remat\u00f3.<\/p>\n","protected":false},"excerpt":{"rendered":"<p>Alejandro \u00c1vila Veracruz, Ver. \u2013 Tras el repunte de visitantes que se tuvo durante la Semana Santa, tomando en cuenta la \u00e9poca de pandemia, se espera que la temporada de verano, que inicia la primera semana de julio y termina la primera semana de agosto, tenga un incremento m\u00e1s alto de ocupaci\u00f3n hotelera y derrama [&hellip;]<\/p>\n","protected":false},"author":1,"featured_media":15348,"comment_status":"open","ping_status":"open","sticky":false,"template":"","format":"standard","meta":{"_jetpack_memberships_contains_paid_content":false,"footnotes":""},"categories":[2],"tags":[],"class_list":["post-15347","post","type-post","status-publish","format-standard","has-post-thumbnail","hentry","category-estado"],"jetpack_featured_media_url":"https:\/\/encuentroinformativo.com.mx\/wp-content\/uploads\/2021\/06\/AA788574-FA99-4FF1-AF5B-D1B3BCEC2D27.jpeg","jetpack_sharing_enabled":true,"jetpack_likes_enabled":true,"amp_enabled":true,"_links":{"self":[{"href":"https:\/\/encuentroinformativo.com.mx\/index.php?rest_route=\/wp\/v2\/posts\/15347","targetHints":{"allow":["GET"]}}],"collection":[{"href":"https:\/\/encuentroinformativo.com.mx\/index.php?rest_route=\/wp\/v2\/posts"}],"about":[{"href":"https:\/\/encuentroinformativo.com.mx\/index.php?rest_route=\/wp\/v2\/types\/post"}],"author":[{"embeddable":true,"href":"https:\/\/encuentroinformativo.com.mx\/index.php?rest_route=\/wp\/v2\/users\/1"}],"replies":[{"embeddable":true,"href":"https:\/\/encuentroinformativo.com.mx\/index.php?rest_route=%2Fwp%2Fv2%2Fcomments&post=15347"}],"version-history":[{"count":1,"href":"https:\/\/encuentroinformativo.com.mx\/index.php?rest_route=\/wp\/v2\/posts\/15347\/revisions"}],"predecessor-version":[{"id":15349,"href":"https:\/\/encuentroinformativo.com.mx\/index.php?rest_route=\/wp\/v2\/posts\/15347\/revisions\/15349"}],"wp:featuredmedia":[{"embeddable":true,"href":"https:\/\/encuentroinformativo.com.mx\/index.php?rest_route=\/wp\/v2\/media\/15348"}],"wp:attachment":[{"href":"https:\/\/encuentroinformativo.com.mx\/index.php?rest_route=%2Fwp%2Fv2%2Fmedia&parent=15347"}],"wp:term":[{"taxonomy":"category","embeddable":true,"href":"https:\/\/encuentroinformativo.com.mx\/index.php?rest_route=%2Fwp%2Fv2%2Fcategories&post=15347"},{"taxonomy":"post_tag","embeddable":true,"href":"https:\/\/encuentroinformativo.com.mx\/index.php?rest_route=%2Fwp%2Fv2%2Ftags&post=15347"}],"curies":[{"name":"wp","href":"https:\/\/api.w.org\/{rel}","templated":true}]}}