{"id":1535,"date":"2020-04-02T11:25:31","date_gmt":"2020-04-02T17:25:31","guid":{"rendered":"https:\/\/encuentroinformativo.com\/?p=1535"},"modified":"2020-04-02T11:25:33","modified_gmt":"2020-04-02T17:25:33","slug":"por-retirarlos-de-las-calles-marimberos-piden-ayuda-al-gobierno","status":"publish","type":"post","link":"https:\/\/encuentroinformativo.com.mx\/?p=1535","title":{"rendered":"Por retirarlos de las calles, marimberos piden ayuda al Gobierno"},"content":{"rendered":"\n<p><strong>Juan Arcos <\/strong><\/p>\n\n\n\n<p>Xalapa, Ver.- Marimberos del centro de Xalapa denunciaron que polic\u00edas los retiraron de su lugar de trabajo por la contingencia sanitaria.<\/p>\n\n\n\n<p>Los quejosos protestaron frente a Palacio de Gobierno para pedir que los dejen trabajar, pues aunque quisieran resguardarse en casa, tienen familias y necesidades econ\u00f3micas.<\/p>\n\n\n\n<p>Jes\u00fas Rodr\u00edguez Landa, de la marimba \u201cSue\u00f1o de amor\u201d, pidi\u00f3 un apoyo econ\u00f3mico al gobierno estatal para que puedan dejar de trabajar y quedarse en casa.<\/p>\n\n\n\n<p>De lo contrario, se ven obligados a salir a las calles del centro de la ciudad para tocar su m\u00fasica y buscar un ingreso econ\u00f3mico.<\/p>\n\n\n\n<p>\u201cSe\u00f1or gobernador nosotros tambi\u00e9n queremos estar en casa, ay\u00fadenos se\u00f1or gobernador\u201d, se lee en sus pancartas.<\/p>\n\n\n\n<p>El entrevistado record\u00f3 que los marimberos viven al d\u00eda, de las monedas que les otorgan los transe\u00fantes.<\/p>\n\n\n\n<p>\u201cLo que queremos nosotros es un apoyo, ya que nos quitamos, nos vamos a la casa, no queremos que nuestra familia se enferme, pero tambi\u00e9n tenemos que comer, tenemos hijos peque\u00f1os\u201d.<\/p>\n\n\n\n<p>Rodr\u00edguez Landa record\u00f3 que en Xalapa hay entre 25 y 30 grupos musicales de marimba que se est\u00e1n viendo afectados por la fase dos de la contingencia sanitaria del coronavirus.<\/p>\n","protected":false},"excerpt":{"rendered":"<p>Juan Arcos Xalapa, Ver.- Marimberos del centro de Xalapa denunciaron que polic\u00edas los retiraron de su lugar de trabajo por la contingencia sanitaria. Los quejosos protestaron frente a Palacio de Gobierno para pedir que los dejen trabajar, pues aunque quisieran resguardarse en casa, tienen familias y necesidades econ\u00f3micas. Jes\u00fas Rodr\u00edguez Landa, de la marimba \u201cSue\u00f1o [&hellip;]<\/p>\n","protected":false},"author":1,"featured_media":1536,"comment_status":"open","ping_status":"open","sticky":false,"template":"","format":"standard","meta":{"_jetpack_memberships_contains_paid_content":false,"footnotes":""},"categories":[3],"tags":[],"class_list":["post-1535","post","type-post","status-publish","format-standard","has-post-thumbnail","hentry","category-xalapa"],"jetpack_featured_media_url":"https:\/\/encuentroinformativo.com.mx\/wp-content\/uploads\/2020\/04\/8CB8BA7F-2FC4-4FCD-9561-2656DA3202F6.jpeg","jetpack_sharing_enabled":true,"jetpack_likes_enabled":true,"amp_enabled":true,"_links":{"self":[{"href":"https:\/\/encuentroinformativo.com.mx\/index.php?rest_route=\/wp\/v2\/posts\/1535","targetHints":{"allow":["GET"]}}],"collection":[{"href":"https:\/\/encuentroinformativo.com.mx\/index.php?rest_route=\/wp\/v2\/posts"}],"about":[{"href":"https:\/\/encuentroinformativo.com.mx\/index.php?rest_route=\/wp\/v2\/types\/post"}],"author":[{"embeddable":true,"href":"https:\/\/encuentroinformativo.com.mx\/index.php?rest_route=\/wp\/v2\/users\/1"}],"replies":[{"embeddable":true,"href":"https:\/\/encuentroinformativo.com.mx\/index.php?rest_route=%2Fwp%2Fv2%2Fcomments&post=1535"}],"version-history":[{"count":1,"href":"https:\/\/encuentroinformativo.com.mx\/index.php?rest_route=\/wp\/v2\/posts\/1535\/revisions"}],"predecessor-version":[{"id":1537,"href":"https:\/\/encuentroinformativo.com.mx\/index.php?rest_route=\/wp\/v2\/posts\/1535\/revisions\/1537"}],"wp:featuredmedia":[{"embeddable":true,"href":"https:\/\/encuentroinformativo.com.mx\/index.php?rest_route=\/wp\/v2\/media\/1536"}],"wp:attachment":[{"href":"https:\/\/encuentroinformativo.com.mx\/index.php?rest_route=%2Fwp%2Fv2%2Fmedia&parent=1535"}],"wp:term":[{"taxonomy":"category","embeddable":true,"href":"https:\/\/encuentroinformativo.com.mx\/index.php?rest_route=%2Fwp%2Fv2%2Fcategories&post=1535"},{"taxonomy":"post_tag","embeddable":true,"href":"https:\/\/encuentroinformativo.com.mx\/index.php?rest_route=%2Fwp%2Fv2%2Ftags&post=1535"}],"curies":[{"name":"wp","href":"https:\/\/api.w.org\/{rel}","templated":true}]}}