{"id":15350,"date":"2021-06-16T15:12:39","date_gmt":"2021-06-16T20:12:39","guid":{"rendered":"https:\/\/encuentroinformativo.com.mx\/?p=15350"},"modified":"2021-06-16T15:12:43","modified_gmt":"2021-06-16T20:12:43","slug":"le-roban-350-mil-pesos-en-centro-historico-de-veracruz-puerto","status":"publish","type":"post","link":"https:\/\/encuentroinformativo.com.mx\/?p=15350","title":{"rendered":"Le roban 350 mil pesos en Centro Historico de Veracruz puerto"},"content":{"rendered":"\n<p><strong>Alejandro \u00c1vila<\/strong><\/p>\n\n\n\n<p>Veracruz, Ver. \u2013 Un sujeto de aproximadamente 50 a\u00f1os de edad fue v\u00edctima del robo de 350 mil pesos, a unas calles del Palacio Municipal de Veracruz, los cuales pretend\u00eda depositar en un banco para presuntamente pagar la n\u00f3mina de una empresa.<\/p>\n\n\n\n<p>Los hechos ocurrieron alrededor de las 10 de la ma\u00f1ana cuando un sujet\u00f3 a bordo de un veh\u00edculo tipo Jetta color blanco con placas YJX \u2013 19 \u2013 02 estacion\u00f3 su unidad a la mitad de la calle Benito Ju\u00e1rez, entre Zaragoza e Independencia, el afectado baj\u00f3 de su veh\u00edculo y se dispuso a pagar el parqu\u00edmetro, el cual se encuentra en la esquina, cuando escuch\u00f3 dos disparos y vio a la gente corriendo por la calle.<\/p>\n\n\n\n<p>Al regresar a su veh\u00edculo, vio su autom\u00f3vil \u201ccristaleado\u201d y con la puerta abierta, al tiempo que al revisarlo, se dio cuenta que la maleta donde tra\u00eda los 350 mil pesos para depositar en el banco no se encontraba, por lo que llam\u00f3 a los elementos policiales que se encuentran a unos metros del lugar, pues esa zona es conocida como \u201cla esquina de los bancos\u201d al haber 4 instituciones de este tipo.<\/p>\n\n\n\n<p>La unidad de Polic\u00eda Municipal P-115 fue quien respondi\u00f3 al llamado y alert\u00f3 al resto de las unidades para realizar un operativo por la zona, pero ninguno de los presentes dio se\u00f1as de los ladrones, quienes aparentemente huyeron con facilidad; por lo que se espera la denuncia del agraviado para poder solicitar sean analizadas las c\u00e1maras de seguridad en el per\u00edmetro.\u00a0<\/p>\n","protected":false},"excerpt":{"rendered":"<p>Alejandro \u00c1vila Veracruz, Ver. \u2013 Un sujeto de aproximadamente 50 a\u00f1os de edad fue v\u00edctima del robo de 350 mil pesos, a unas calles del Palacio Municipal de Veracruz, los cuales pretend\u00eda depositar en un banco para presuntamente pagar la n\u00f3mina de una empresa. Los hechos ocurrieron alrededor de las 10 de la ma\u00f1ana cuando [&hellip;]<\/p>\n","protected":false},"author":1,"featured_media":15351,"comment_status":"open","ping_status":"open","sticky":false,"template":"","format":"standard","meta":{"_jetpack_memberships_contains_paid_content":false,"footnotes":""},"categories":[14],"tags":[],"class_list":["post-15350","post","type-post","status-publish","format-standard","has-post-thumbnail","hentry","category-policiaca"],"jetpack_featured_media_url":"https:\/\/encuentroinformativo.com.mx\/wp-content\/uploads\/2021\/06\/6B83E822-740E-42B7-8EAA-A588C65F8B90.jpeg","jetpack_sharing_enabled":true,"jetpack_likes_enabled":true,"amp_enabled":true,"_links":{"self":[{"href":"https:\/\/encuentroinformativo.com.mx\/index.php?rest_route=\/wp\/v2\/posts\/15350","targetHints":{"allow":["GET"]}}],"collection":[{"href":"https:\/\/encuentroinformativo.com.mx\/index.php?rest_route=\/wp\/v2\/posts"}],"about":[{"href":"https:\/\/encuentroinformativo.com.mx\/index.php?rest_route=\/wp\/v2\/types\/post"}],"author":[{"embeddable":true,"href":"https:\/\/encuentroinformativo.com.mx\/index.php?rest_route=\/wp\/v2\/users\/1"}],"replies":[{"embeddable":true,"href":"https:\/\/encuentroinformativo.com.mx\/index.php?rest_route=%2Fwp%2Fv2%2Fcomments&post=15350"}],"version-history":[{"count":1,"href":"https:\/\/encuentroinformativo.com.mx\/index.php?rest_route=\/wp\/v2\/posts\/15350\/revisions"}],"predecessor-version":[{"id":15352,"href":"https:\/\/encuentroinformativo.com.mx\/index.php?rest_route=\/wp\/v2\/posts\/15350\/revisions\/15352"}],"wp:featuredmedia":[{"embeddable":true,"href":"https:\/\/encuentroinformativo.com.mx\/index.php?rest_route=\/wp\/v2\/media\/15351"}],"wp:attachment":[{"href":"https:\/\/encuentroinformativo.com.mx\/index.php?rest_route=%2Fwp%2Fv2%2Fmedia&parent=15350"}],"wp:term":[{"taxonomy":"category","embeddable":true,"href":"https:\/\/encuentroinformativo.com.mx\/index.php?rest_route=%2Fwp%2Fv2%2Fcategories&post=15350"},{"taxonomy":"post_tag","embeddable":true,"href":"https:\/\/encuentroinformativo.com.mx\/index.php?rest_route=%2Fwp%2Fv2%2Ftags&post=15350"}],"curies":[{"name":"wp","href":"https:\/\/api.w.org\/{rel}","templated":true}]}}