{"id":15363,"date":"2021-06-16T17:42:00","date_gmt":"2021-06-16T22:42:00","guid":{"rendered":"https:\/\/encuentroinformativo.com.mx\/?p=15363"},"modified":"2021-06-16T17:42:05","modified_gmt":"2021-06-16T22:42:05","slug":"denuncian-presunto-acoso-de-funcionario-municipal","status":"publish","type":"post","link":"https:\/\/encuentroinformativo.com.mx\/?p=15363","title":{"rendered":"Denuncian presunto \u201cacoso\u201d de funcionario municipal"},"content":{"rendered":"\n<p><strong>Dar\u00edo Pale<\/strong><\/p>\n\n\n\n<p>Xalapa, Ver.- Iv\u00f3n \u00c1ngeles denunci\u00f3 p\u00fablicamente a un funcionario p\u00fablico por acoso el cual se supone labora en el ayuntamiento de Xalapa ya que lo identific\u00f3 mediante una publicidad en un peri\u00f3dico.<\/p>\n\n\n\n<p>Entrevistada durante la manifestaci\u00f3n en la plaza Lerdo se\u00f1al\u00f3 que ha sido amenazada de forma indirecta ya que intent\u00f3 hacer las cosas de forma correcta pero de manera indirecta recibi\u00f3 un mensaje donde le dec\u00edan que pod\u00edan acusarla de otras cosas m\u00e1s graves.<\/p>\n\n\n\n<p>Manifest\u00e1ndose en la plaza Lerdo es la \u00fanica forma que tiene para denunciar, ya que lleva dos a\u00f1os y seis meses recibiendo un tipo de acoso indirecto por parte de hombres que no dan a cara.<\/p>\n\n\n\n<p>La persona la identific\u00f3 mediante una publicidad en el peri\u00f3dico del ayuntamiento donde aparece esta persona comiendo un pambazo y ah\u00ed se dio una idea de qui\u00e9n podr\u00eda estar detr\u00e1s de todo esto.<\/p>\n\n\n\n<p>&#8220;Lo \u00fanico que quiero es precisamente que las autoridades correspondientes hagan la investigaci\u00f3n pertinente, entonces no puedo decir m\u00e1s nada porque realmente no quisiera que esto se tomar\u00e1 a una broma o a\u00fan juego, creo que las autoridades pertinentes deben de hacer su labor&#8221;, se\u00f1al\u00f3.<\/p>\n\n\n\n<p>Coment\u00f3 que se han burlado de ella a tal grado que le han dicho &#8220;que te valla bien con tu denuncia&#8221;.<\/p>\n\n\n\n<p>Finalmente se\u00f1al\u00f3 que ya est\u00e1 cansada y lo \u00fanico que quiere es que esta persona de la cara y que diga que es lo que quiere porque su acoso ya est\u00e1 sobrepasando todo.<\/p>\n\n\n\n<figure class=\"wp-block-image size-large\"><img loading=\"lazy\" decoding=\"async\" width=\"1024\" height=\"682\" src=\"https:\/\/encuentroinformativo.com.mx\/wp-content\/uploads\/2021\/06\/2E5B6B4B-F35B-4592-A056-FE9394D58848-1024x682.jpeg\" alt=\"\" class=\"wp-image-15365\" srcset=\"https:\/\/encuentroinformativo.com.mx\/wp-content\/uploads\/2021\/06\/2E5B6B4B-F35B-4592-A056-FE9394D58848-1024x682.jpeg 1024w, https:\/\/encuentroinformativo.com.mx\/wp-content\/uploads\/2021\/06\/2E5B6B4B-F35B-4592-A056-FE9394D58848-300x200.jpeg 300w, https:\/\/encuentroinformativo.com.mx\/wp-content\/uploads\/2021\/06\/2E5B6B4B-F35B-4592-A056-FE9394D58848-768x512.jpeg 768w, https:\/\/encuentroinformativo.com.mx\/wp-content\/uploads\/2021\/06\/2E5B6B4B-F35B-4592-A056-FE9394D58848.jpeg 1280w\" sizes=\"auto, (max-width: 1024px) 100vw, 1024px\" \/><\/figure>\n","protected":false},"excerpt":{"rendered":"<p>Dar\u00edo Pale Xalapa, Ver.- Iv\u00f3n \u00c1ngeles denunci\u00f3 p\u00fablicamente a un funcionario p\u00fablico por acoso el cual se supone labora en el ayuntamiento de Xalapa ya que lo identific\u00f3 mediante una publicidad en un peri\u00f3dico. Entrevistada durante la manifestaci\u00f3n en la plaza Lerdo se\u00f1al\u00f3 que ha sido amenazada de forma indirecta ya que intent\u00f3 hacer las [&hellip;]<\/p>\n","protected":false},"author":1,"featured_media":15364,"comment_status":"open","ping_status":"open","sticky":false,"template":"","format":"standard","meta":{"_jetpack_memberships_contains_paid_content":false,"footnotes":""},"categories":[3],"tags":[],"class_list":["post-15363","post","type-post","status-publish","format-standard","has-post-thumbnail","hentry","category-xalapa"],"jetpack_featured_media_url":"https:\/\/encuentroinformativo.com.mx\/wp-content\/uploads\/2021\/06\/A334B64D-2EDB-4D96-8F90-C13ED314F36C.jpeg","jetpack_sharing_enabled":true,"jetpack_likes_enabled":true,"amp_enabled":true,"_links":{"self":[{"href":"https:\/\/encuentroinformativo.com.mx\/index.php?rest_route=\/wp\/v2\/posts\/15363","targetHints":{"allow":["GET"]}}],"collection":[{"href":"https:\/\/encuentroinformativo.com.mx\/index.php?rest_route=\/wp\/v2\/posts"}],"about":[{"href":"https:\/\/encuentroinformativo.com.mx\/index.php?rest_route=\/wp\/v2\/types\/post"}],"author":[{"embeddable":true,"href":"https:\/\/encuentroinformativo.com.mx\/index.php?rest_route=\/wp\/v2\/users\/1"}],"replies":[{"embeddable":true,"href":"https:\/\/encuentroinformativo.com.mx\/index.php?rest_route=%2Fwp%2Fv2%2Fcomments&post=15363"}],"version-history":[{"count":1,"href":"https:\/\/encuentroinformativo.com.mx\/index.php?rest_route=\/wp\/v2\/posts\/15363\/revisions"}],"predecessor-version":[{"id":15366,"href":"https:\/\/encuentroinformativo.com.mx\/index.php?rest_route=\/wp\/v2\/posts\/15363\/revisions\/15366"}],"wp:featuredmedia":[{"embeddable":true,"href":"https:\/\/encuentroinformativo.com.mx\/index.php?rest_route=\/wp\/v2\/media\/15364"}],"wp:attachment":[{"href":"https:\/\/encuentroinformativo.com.mx\/index.php?rest_route=%2Fwp%2Fv2%2Fmedia&parent=15363"}],"wp:term":[{"taxonomy":"category","embeddable":true,"href":"https:\/\/encuentroinformativo.com.mx\/index.php?rest_route=%2Fwp%2Fv2%2Fcategories&post=15363"},{"taxonomy":"post_tag","embeddable":true,"href":"https:\/\/encuentroinformativo.com.mx\/index.php?rest_route=%2Fwp%2Fv2%2Ftags&post=15363"}],"curies":[{"name":"wp","href":"https:\/\/api.w.org\/{rel}","templated":true}]}}