{"id":15367,"date":"2021-06-17T09:20:22","date_gmt":"2021-06-17T14:20:22","guid":{"rendered":"https:\/\/encuentroinformativo.com.mx\/?p=15367"},"modified":"2021-06-17T09:20:27","modified_gmt":"2021-06-17T14:20:27","slug":"la-alianza-quien-gana-y-quien-pierde","status":"publish","type":"post","link":"https:\/\/encuentroinformativo.com.mx\/?p=15367","title":{"rendered":"La Alianza, qui\u00e9n gana y qui\u00e9n pierde"},"content":{"rendered":"\n<p><strong>Los Pol\u00edticos<\/strong><\/p>\n\n\n\n<p><strong>Salvador Mu\u00f1oz<\/strong><\/p>\n\n\n\n<p>\u00bfSe han dado cuenta que poco, muy poco se le reconoce a Esteban Ram\u00edrez Zepeta en estas pasadas elecciones, tras haber obtenido Morena un contundente triunfo? Para m\u00e1s, \u00a1los ojos se posan en Juan Javier G\u00f3mez Cazar\u00edn! Es de los fen\u00f3menos m\u00e1s raros que se pueda observar en un partido donde el l\u00edder, a pesar de los logros, pasa sin pena ni gloria\u2026<\/p>\n\n\n\n<p>Caso contrario ocurre con \u201clos perdedores\u201d, por decirlo de alg\u00fan modo, pues en la democracia, se gana o no, y si hay tablas, desempate.<\/p>\n\n\n\n<p>En Veracruz, a sabiendas del monstruo al que se iban a enfrentar, se cre\u00f3 una alianza entre PAN, PRI y PRD.<\/p>\n\n\n\n<p>Si bien, en algunos puntos de la entidad, dieron batalla y sacaron la casta, como en Cosoleacaque, Orizaba, Veracruz, Boca, Tihuatl\u00e1n, no fue suficiente para alcanzar el objetivo so\u00f1ado.<\/p>\n\n\n\n<p>Hoy, hay quienes pretenden crucificar a los dirigentes de la Alianza ante los resultados conocidos. Si bien, por tener sobre sus espaldas la responsabilidad de la contienda electoral, \u00bfhasta qu\u00e9 punto pueden ser responsables si no se alcanz\u00f3 la meta? Si hubieran sido otros los dirigentes o no se hubiera hecho alianza, \u00bfhabr\u00eda variado en algo el resultado? \u00a1Sepa! Se trabaj\u00f3 con lo que se ten\u00eda y listo.<\/p>\n\n\n\n<p>Tambi\u00e9n hay que tomar en cuenta lo irregular que&nbsp; fue esta elecci\u00f3n en algunos casos, para entender la posici\u00f3n de un PAN, PRI y PRD, donde hay que tomar en cuenta un factor sumamente relevante: el aparato del sistema en el poder encima de ellos.<\/p>\n\n\n\n<p>Ejemplos: Rogelio Franco Cast\u00e1n, candidato del PRD a diputado por la v\u00eda plurinominal, detenido por ultrajes a la autoridad; Goyo G\u00f3mez, candidato del PRD a la alcald\u00eda de Tihuatl\u00e1n, detenido; Nicol\u00e1s Ruiz, candidato del PAN a la alcald\u00eda de Minatitl\u00e1n, detenido; Jos\u00e9 Johny Homero Dom\u00ednguez, candidato del PRI a diputado por el distrito de Perote, detenido\u2026 sumen los que fueron \u201cinvitados\u201d a bajarse de la contienda o amenazados&#8230;&nbsp;<\/p>\n\n\n\n<p>En el caso de la Alianza Veracruz Va, es claro que el \u201cgran perdedor\u201d fue el PAN a quien sus adversarios (al interior del partido) ya se le fueron a la yugular del Chapito con o sin raz\u00f3n. Por supuesto, jam\u00e1s una derrota dar\u00e1 positivos m\u00e1s que el decir \u201csalimos vivos\u201d.<\/p>\n\n\n\n<p>En comparaci\u00f3n con la elecci\u00f3n del 2018, tomando en cuenta los n\u00fameros de la contienda por la gubernatura y cerr\u00e1ndolos en 1 mill\u00f3n 500 votos, se dir\u00eda que en esta ocasi\u00f3n el PAN perdi\u00f3 dos terceras partes\u2026 catastr\u00f3fico; y eso que en el 2018, el PAN cont\u00f3 con el Gobierno estatal en el poder.<\/p>\n\n\n\n<p>En el caso del PRI, aplicando el mismo criterio, donde Pepe Yunes qued\u00f3 con 500 mil votos con todo y Gobierno federal y cuate Pepe Meade; en esta ocasi\u00f3n, el tricolor baja a unos 350 mil votos. Aunque en este caso, hay que hacer cierta salvedad: de los 30 distritos en disputa, al PAN le tocaron quince; al PRI, 9 y al PRD, 6. Es decir, \u00bfqui\u00e9n de los tres ten\u00eda mayor posibilidad de obtener m\u00e1s votos?<\/p>\n\n\n\n<p>El otro aliado, el PRD, se podr\u00eda decir que sali\u00f3 ganando\u2026 en la misma comparativa, en el 2018, obtuvo 138 mil votos, mientras que en esta ocasi\u00f3n alcanz\u00f3 los 192 mil\u2026 50 mil m\u00e1s.<\/p>\n\n\n\n<p>Por eso dec\u00edamos al principio, cuando habl\u00e1bamos del reconocimiento de las dirigencias\u2026 Esteban Ram\u00edrez, siendo el triunfador, pasa desapercibido; en el caso del Chapito, quiz\u00e1s por tener a la vuelta de la esquina la renovaci\u00f3n de la dirigencia, es que le hincan el diente con ganas lo que hace ver m\u00e1s estrepitosa la ca\u00edda del PAN en Veracruz; en el caso de Marlon, mantiene al PRI como tercera fuerza y est\u00e1 en tiempo de impulsar estrategias que reposicionen, retomen o generen nuevos liderazgos regionales y s\u00ed destacar que lo obtenido, yendo en alianza y con un n\u00famero menor de candidatos, daar\u00eda lugara para hablar de n\u00fameros positivos; en tanto Sergio Cadena Mart\u00ednez, a punto de cumplir un a\u00f1o en la dirigencia, est\u00e1 en tiempo de armar consensos con los liderazgos perredistas y al igual que el PRI, con un reducido n\u00famero de espacios para competir, es igual destacable su n\u00famero de votos.<\/p>\n\n\n\n<p>Ahora, hay que esperar que se acomoden bien los n\u00fameros de la elecci\u00f3n tanto federal como local en Veracruz, para dejar en claro qui\u00e9n gan\u00f3 m\u00e1s, qui\u00e9n perdi\u00f3 m\u00e1s&#8230; o qued\u00f3 tablas&#8230;<\/p>\n\n\n\n<p><br><a>smcainito@gmail.com<\/a><\/p>\n","protected":false},"excerpt":{"rendered":"<p>Los Pol\u00edticos Salvador Mu\u00f1oz \u00bfSe han dado cuenta que poco, muy poco se le reconoce a Esteban Ram\u00edrez Zepeta en estas pasadas elecciones, tras haber obtenido Morena un contundente triunfo? Para m\u00e1s, \u00a1los ojos se posan en Juan Javier G\u00f3mez Cazar\u00edn! Es de los fen\u00f3menos m\u00e1s raros que se pueda observar en un partido donde [&hellip;]<\/p>\n","protected":false},"author":1,"featured_media":70,"comment_status":"open","ping_status":"open","sticky":false,"template":"","format":"standard","meta":{"_jetpack_memberships_contains_paid_content":false,"footnotes":""},"categories":[11],"tags":[],"class_list":["post-15367","post","type-post","status-publish","format-standard","has-post-thumbnail","hentry","category-opinion"],"jetpack_featured_media_url":"https:\/\/encuentroinformativo.com.mx\/wp-content\/uploads\/2020\/02\/opinion-invitado.jpg","jetpack_sharing_enabled":true,"jetpack_likes_enabled":true,"amp_enabled":true,"_links":{"self":[{"href":"https:\/\/encuentroinformativo.com.mx\/index.php?rest_route=\/wp\/v2\/posts\/15367","targetHints":{"allow":["GET"]}}],"collection":[{"href":"https:\/\/encuentroinformativo.com.mx\/index.php?rest_route=\/wp\/v2\/posts"}],"about":[{"href":"https:\/\/encuentroinformativo.com.mx\/index.php?rest_route=\/wp\/v2\/types\/post"}],"author":[{"embeddable":true,"href":"https:\/\/encuentroinformativo.com.mx\/index.php?rest_route=\/wp\/v2\/users\/1"}],"replies":[{"embeddable":true,"href":"https:\/\/encuentroinformativo.com.mx\/index.php?rest_route=%2Fwp%2Fv2%2Fcomments&post=15367"}],"version-history":[{"count":1,"href":"https:\/\/encuentroinformativo.com.mx\/index.php?rest_route=\/wp\/v2\/posts\/15367\/revisions"}],"predecessor-version":[{"id":15368,"href":"https:\/\/encuentroinformativo.com.mx\/index.php?rest_route=\/wp\/v2\/posts\/15367\/revisions\/15368"}],"wp:featuredmedia":[{"embeddable":true,"href":"https:\/\/encuentroinformativo.com.mx\/index.php?rest_route=\/wp\/v2\/media\/70"}],"wp:attachment":[{"href":"https:\/\/encuentroinformativo.com.mx\/index.php?rest_route=%2Fwp%2Fv2%2Fmedia&parent=15367"}],"wp:term":[{"taxonomy":"category","embeddable":true,"href":"https:\/\/encuentroinformativo.com.mx\/index.php?rest_route=%2Fwp%2Fv2%2Fcategories&post=15367"},{"taxonomy":"post_tag","embeddable":true,"href":"https:\/\/encuentroinformativo.com.mx\/index.php?rest_route=%2Fwp%2Fv2%2Ftags&post=15367"}],"curies":[{"name":"wp","href":"https:\/\/api.w.org\/{rel}","templated":true}]}}