{"id":15369,"date":"2021-06-17T11:46:24","date_gmt":"2021-06-17T16:46:24","guid":{"rendered":"https:\/\/encuentroinformativo.com.mx\/?p=15369"},"modified":"2021-06-17T11:46:27","modified_gmt":"2021-06-17T16:46:27","slug":"en-fge-se-sanciona-a-funcionarios-que-incurren-en-faltas-veronica-hernandez","status":"publish","type":"post","link":"https:\/\/encuentroinformativo.com.mx\/?p=15369","title":{"rendered":"En FGE se sanciona a funcionarios que incurren en faltas: Ver\u00f3nica  Hern\u00e1ndez"},"content":{"rendered":"\n<p><strong>Dar\u00edo Pale<\/strong><\/p>\n\n\n\n<p>Xalapa, Ver.- Ya se iniciaron los procedimientos administrativos y penales en contra de fiscales, polic\u00edas ministeriales y peritos del organismo aut\u00f3nomo por actuar fuera del marco de la ley, as\u00ed lo inform\u00f3 la titular de la Fiscal\u00eda General del Estado (FGE), Ver\u00f3nica Hern\u00e1ndez Giad\u00e1ns.<\/p>\n\n\n\n<p>A trav\u00e9s de un mensaje en redes sociales, la funcionaria hizo un llamado a su personal a ser ejemplo de honestidad, pues record\u00f3 que en la FGE se procura justicia.<\/p>\n\n\n\n<p>&#8220;Hay servidores que han sido se\u00f1alados por actuar fuera de los principios que rigen a esta Fiscal\u00eda. Me refiero a algunos fiscales, peritos y polic\u00edas ministeriales que han sido denunciados por incurrir en faltas administrativas y algunos casos, en conductas constitutivas de delitos&#8221;, se\u00f1al\u00f3.<\/p>\n\n\n\n<p>Hern\u00e1ndez Giad\u00e1ns, recalc\u00f3 que ya se iniciaron los procedimientos administrativos y penales correspondientes, por lo que exigi\u00f3 al personal del organismo aut\u00f3nomo a trabajar apegados a las normas jur\u00eddicas, ya que ah\u00ed procuran justicia y por lo tanto deben ser ejemplo de honestidad, de rectitud y congruencia en su actuaci\u00f3n.<\/p>\n\n\n\n<p>&#8220;No ser\u00e1 tolerada ninguna falta administrativa, mucho menos conductas que pudieran constituir delitos por parte de quienes servimos en la Fiscal\u00eda, sin importar la jerarqu\u00eda que tenga&#8221;, coment\u00f3.<\/p>\n\n\n\n<p>Exhort\u00f3 a todos los trabajadores a que valoren la oportunidad que tienen de trascender en el servicio p\u00fablico en beneficio de Veracruz y a que se conduzcan con base en los valores morales, \u00e9ticos y legales que los rigen.<\/p>\n\n\n\n<p>Asimismo, pidi\u00f3 a la sociedad que denuncie cualquier conducta ilegal de los servidores p\u00fablicos y reiter\u00f3 que todos los servicios de la Fiscal\u00eda son gratuitos.<\/p>\n\n\n\n<p>Por \u00faltimo dio a conocer que en las \u00faltimas horas trascendi\u00f3 la detenci\u00f3n de un polic\u00eda ministerial en C\u00f3rdoba y un fiscal en Coatzacoalcos.<\/p>\n","protected":false},"excerpt":{"rendered":"<p>Dar\u00edo Pale Xalapa, Ver.- Ya se iniciaron los procedimientos administrativos y penales en contra de fiscales, polic\u00edas ministeriales y peritos del organismo aut\u00f3nomo por actuar fuera del marco de la ley, as\u00ed lo inform\u00f3 la titular de la Fiscal\u00eda General del Estado (FGE), Ver\u00f3nica Hern\u00e1ndez Giad\u00e1ns. A trav\u00e9s de un mensaje en redes sociales, la [&hellip;]<\/p>\n","protected":false},"author":1,"featured_media":15370,"comment_status":"open","ping_status":"open","sticky":false,"template":"","format":"standard","meta":{"_jetpack_memberships_contains_paid_content":false,"footnotes":""},"categories":[2],"tags":[],"class_list":["post-15369","post","type-post","status-publish","format-standard","has-post-thumbnail","hentry","category-estado"],"jetpack_featured_media_url":"https:\/\/encuentroinformativo.com.mx\/wp-content\/uploads\/2021\/06\/DCB609CF-62F8-4A82-BD1D-F8423847DF1B.jpeg","jetpack_sharing_enabled":true,"jetpack_likes_enabled":true,"amp_enabled":true,"_links":{"self":[{"href":"https:\/\/encuentroinformativo.com.mx\/index.php?rest_route=\/wp\/v2\/posts\/15369","targetHints":{"allow":["GET"]}}],"collection":[{"href":"https:\/\/encuentroinformativo.com.mx\/index.php?rest_route=\/wp\/v2\/posts"}],"about":[{"href":"https:\/\/encuentroinformativo.com.mx\/index.php?rest_route=\/wp\/v2\/types\/post"}],"author":[{"embeddable":true,"href":"https:\/\/encuentroinformativo.com.mx\/index.php?rest_route=\/wp\/v2\/users\/1"}],"replies":[{"embeddable":true,"href":"https:\/\/encuentroinformativo.com.mx\/index.php?rest_route=%2Fwp%2Fv2%2Fcomments&post=15369"}],"version-history":[{"count":1,"href":"https:\/\/encuentroinformativo.com.mx\/index.php?rest_route=\/wp\/v2\/posts\/15369\/revisions"}],"predecessor-version":[{"id":15371,"href":"https:\/\/encuentroinformativo.com.mx\/index.php?rest_route=\/wp\/v2\/posts\/15369\/revisions\/15371"}],"wp:featuredmedia":[{"embeddable":true,"href":"https:\/\/encuentroinformativo.com.mx\/index.php?rest_route=\/wp\/v2\/media\/15370"}],"wp:attachment":[{"href":"https:\/\/encuentroinformativo.com.mx\/index.php?rest_route=%2Fwp%2Fv2%2Fmedia&parent=15369"}],"wp:term":[{"taxonomy":"category","embeddable":true,"href":"https:\/\/encuentroinformativo.com.mx\/index.php?rest_route=%2Fwp%2Fv2%2Fcategories&post=15369"},{"taxonomy":"post_tag","embeddable":true,"href":"https:\/\/encuentroinformativo.com.mx\/index.php?rest_route=%2Fwp%2Fv2%2Ftags&post=15369"}],"curies":[{"name":"wp","href":"https:\/\/api.w.org\/{rel}","templated":true}]}}